{"id":11605,"date":"2020-06-25T17:15:54","date_gmt":"2020-06-25T20:15:54","guid":{"rendered":"http:\/\/ondauno.com.ar\/?p=11605"},"modified":"2020-06-25T17:15:58","modified_gmt":"2020-06-25T20:15:58","slug":"mi-papa-es-un-numero-dentro-de-ese-gran-numero-que-por-suerte-es-rescatado-del-anonimato","status":"publish","type":"post","link":"https:\/\/ondauno.com.ar\/index.php\/2020\/06\/25\/mi-papa-es-un-numero-dentro-de-ese-gran-numero-que-por-suerte-es-rescatado-del-anonimato\/","title":{"rendered":"&#8220;Mi pap\u00e1 es un n\u00famero dentro de ese gran n\u00famero que por suerte es rescatado del anonimato&#8221;"},"content":{"rendered":"<div class=\"ondau-before-content_3\" style=\"margin-top: -30px;\" id=\"ondau-654363380\"><a href=\"https:\/\/www.lps.com.ar\/\" aria-label=\"la-perse2\"><img loading=\"lazy\" decoding=\"async\" src=\"https:\/\/ondauno.com.ar\/wp-content\/uploads\/2021\/10\/la-perse2.jpg\" alt=\"\"  srcset=\"https:\/\/ondauno.com.ar\/wp-content\/uploads\/2021\/10\/la-perse2.jpg 1353w, https:\/\/ondauno.com.ar\/wp-content\/uploads\/2021\/10\/la-perse2-300x43.jpg 300w, https:\/\/ondauno.com.ar\/wp-content\/uploads\/2021\/10\/la-perse2-1024x148.jpg 1024w, https:\/\/ondauno.com.ar\/wp-content\/uploads\/2021\/10\/la-perse2-768x111.jpg 768w, https:\/\/ondauno.com.ar\/wp-content\/uploads\/2021\/10\/la-perse2-696x100.jpg 696w, https:\/\/ondauno.com.ar\/wp-content\/uploads\/2021\/10\/la-perse2-1068x154.jpg 1068w\" sizes=\"(max-width: 1353px) 100vw, 1353px\" class=\"no-lazyload\" width=\"1353\" height=\"195\"  style=\"display: inline-block;\" \/><\/a><\/div>\n<p><\/p>\n\n\n\n<p>&#8220;Poder contar la historia de pap\u00e1 nos ayudaba a poner nombres y rostros a las personas que perdieron la vida en esta pandemia&#8221;, empieza relatando Ruy Far\u00edas el hijo de Oscar que muri\u00f3 el 27 de abril de covid.<\/p>\n\n\n\n<p>&#8220;Mi papa era un hombre de 81 a\u00f1os y viv\u00eda en Parque Avellaneda en un Hogar geri\u00e1trico, con muchas dolencias como EPOC, con lo cual sus perspectivas no eran para nada buenas, pero dolencias que llev\u00e1bamos bien. Cuando empieza a conocerse la novedad de la pandemia y alcanzaba a la Argentina nos preocupamos porque ten\u00edamos la idea irreflexiba que mi pap\u00e1 no iba  a terminar as\u00ed, y, ahora con el diario del lunes y para decirlo de manera llana, era n\u00famero puesto,a dem\u00e1s de estar en un geri\u00e1trico que era el peor lugar&#8221;, explica Ruy.<\/p>\n\n\n\n<p><strong>Sin despedida<\/strong><\/p>\n\n\n\n<p>&#8220;No despedirse es la peor parte de todo esto, aunque racionalmente entienda que pap\u00e1 no  estaba en mejores condiciones para llevar esta pandemia, pero lo que es imposible de digerir es que no tuvo velatorio, porque parte de lo que nos hace humanos es que acompa\u00f1amos a las personas en el tr\u00e1nsito de la vida a la muerte, mi pap\u00e1 se muri\u00f3 solo, sin un abrazo y ah\u00ed est\u00e1 el n\u00facleo del dolor&#8221;, manifest\u00f3 el hijo de Oscar v\u00edctima de covid.<\/p>\n\n\n\n<p>&#8220;Dentro de ese enorme episodio que azot\u00f3 al mundo nosotros tenemos nuestra cuota de dolor, pap\u00e1 es un n\u00famero dentro de ese gran n\u00famero que por suerte es rescatado del anonimato y ahora tiene un nombre y un rostro ante otras personas&#8221;.<\/p>\n\n\n\n<p>&#8220;Mi pap\u00e1 fue una persona de condici\u00f3n muy humilde, hijo de madre soltera, criado en escuelas hogares del Estado, de las que sali\u00f3 con una formaci\u00f3n muy buena y que nos trasmiti\u00f3 la pasi\u00f3n por el conocimiento,yo me quedo con la imagen de mi pap\u00e1 abrazando a mis hijas que fue el \u00faltimo regalo inesperado que le dio la vida&#8221;.<\/p>\n\n\n\n<figure class=\"wp-block-embed-facebook wp-block-embed is-type-video is-provider-facebook\"><div class=\"wp-block-embed__wrapper\">\n<div class=\"fb-video\" data-allowfullscreen=\"true\" data-href=\"https:\/\/www.facebook.com\/ondauno103.9\/videos\/200067394600121\" style=\"background-color: #fff; display: inline-block;\"><\/div>\n<\/div><\/figure>\n\n\n\n<p><strong>La nota de T\u00e9lem<\/strong><\/p>\n\n\n\n<p>M\u00f3nica Far\u00edas es doctora en Geograf\u00eda y becaria posdoctoral del Conicet, pero aquello que m\u00e1s enorgullec\u00eda a su padre, Oscar, era que participara en una olla popular en San Telmo: &#8220;Fue conmigo un par de veces y creo que eso, en alg\u00fan punto, lo conmov\u00eda y le daba m\u00e1s admiraci\u00f3n que cualquier t\u00edtulo o reconocimiento acad\u00e9mico que yo pudiera tener&#8221;, dice a T\u00e9lam la docente de la UBA cuando recuerda a su pap\u00e1, fallecido por coronavirus el 27 de abril en el hospital Pi\u00f1ero.<\/p>\n\n\n\n<p>&#8220;Pap\u00e1 siempre fue una persona de costumbres sencillas&#8221;, sigue el doctor en Historia Ruy Far\u00edas, investigador del Conicet, docente en la Unsam y tambi\u00e9n hijo de Oscar. &#8220;No le interesaba el f\u00fatbol. En teor\u00eda era de Boca, pero yo creo que si era por vernos contentos a nosotros (fervientes anti-bosteros) le daba exactamente igual si perd\u00eda. Nunca lo vi amargarse por un partido&#8221;, agrega.<\/p>\n\n\n\n<p>Ruy recuerda que Oscar disfrutaba de las carreras de F\u00f3rmula 1: &#8220;Creo que una de sus m\u00e1s grandes decepciones deportivas fue aquella vez en que Reutemann perdi\u00f3 el campeonato contra Nelson Piquet en la \u00faltima carrera. Quiz\u00e1s por eso ese d\u00eda la pizza que hizo le sali\u00f3 terriblemente mal, ni la gata pudo hincarle un diente&#8221;, comparte con gracia.<\/p>\n\n\n\n<p>Dicen sus hijos que Oscar cocinaba muy bien y que sus asados, as\u00ed como los guisos o la carne &#8220;a la portuguesa&#8221;, siguen siendo los mejores. Adem\u00e1s, disfrutaba mucho de ver pel\u00edculas y contarlas una y otra vez; de la lectura y de la m\u00fasica: &#8220;Una vez, fuimos a ver a Joan Manuel Serrat a la cancha de Atlanta, donde me emocion\u00e9 hasta las l\u00e1grimas cuando el Nano cant\u00f3 &#8220;Esos locos bajitos&#8221; mientras yo abrazaba a mi viejo&#8221;, dice Ruy.<\/p>\n\n\n\n<p>Al igual que su hermano, M\u00f3nica se form\u00f3 en la UBA e hizo su doctorado en los Estados Unidos, para volver en 2017 a la Argentina y sumarse al Conicet: &#8220;Hace muchos a\u00f1os que repito una clase que empec\u00e9 a dar en los Estados Unidos en la que explico desde una perspectiva feminista el neoliberalismo en Am\u00e9rica Latina. Y para eso, usaba la historia de mi viejo&#8221;, dice ahora la especialista en Geograf\u00eda.<\/p>\n\n\n\n<p>&#8220;Pap\u00e1 tuvo una vida que nos cuenta mucho del pa\u00eds. Hijo de un padre que no lo reconoci\u00f3, hijo de una madre inmigrante del interior que tuvo que negarlo para poder conservar su trabajo con cama adentro, pas\u00f3 una larga temporada en un internado en Maschwitz durante el primer peronismo \u2013a\u00f1os que recordaba con mucho cari\u00f1o porque &#8220;no faltaba nada ni hac\u00eda fr\u00edo&#8221; y porque la educaci\u00f3n era buena\u2013. Estudi\u00f3 en una escuela t\u00e9cnica de Capital, trabaj\u00f3 en numerosos talleres metal\u00fargicos&#8221;, escribi\u00f3 en Facebook el d\u00eda posterior a la muerte de su padre.<\/p>\n\n\n\n<p>&#8220;Fue obrero calificado en los a\u00f1os 60 y 70, taxista en los 80, desempleado y buscavidas en los 90 y, por un breve per\u00edodo de tiempo, metal\u00fargico otra vez en el 2004 o 2005, cuando algunos tallercitos de barrio volv\u00edan a abrir&#8221;, complet\u00f3 la acad\u00e9mica en la red social.<\/p>\n\n\n\n<p>&#8220;Con esa historia, yo pod\u00eda hacer un relato del neoliberalismo y de c\u00f3mo impacta en la vida de una nena, que era yo, cuando el padre pierde el laburo o cuando los viejos se separan y te agarra la hiperinflaci\u00f3n en un hogar monoparental&#8221;, retoma M\u00f3nica, que ahora es docente en el Departamento de Geograf\u00eda de la UBA.<\/p>\n\n\n\n<p>Adem\u00e1s de expresar la historia reciente del pa\u00eds, Oscar Antonio Far\u00edas sab\u00eda luchar contra el deterioro del cuerpo: ven\u00eda gan\u00e1ndole a un c\u00e1ncer y hab\u00eda recuperado mucho de su capacidad pulmonar, luego de una neumon\u00eda y un efisema pulmonar. El coronavirus lo encontr\u00f3 en una residencia para adultos mayores en la que viv\u00eda.<\/p>\n\n\n\n<p>&#8220;El viernes 17 de abril me informaron que mi pap\u00e1 ten\u00eda fiebre. Fui al hospital y segu\u00ed yendo durante los diez d\u00edas que estuvo internado. Un par de veces, habl\u00e9 con m\u00e9dicos hasta que una doctora amoros\u00edsima se comprometi\u00f3 a llamarme ante cualquier cambio&#8221;, retoma M\u00f3nica.<\/p>\n\n\n\n<p>Esa m\u00e9dica hizo, finalmente, el llamado que todos tem\u00edan. Lo cuenta M\u00f3nica: &#8220;Cuando pap\u00e1 empeor\u00f3, me dijo que no le iban a poner respirador. Y tengo que destacar que realmente siento much\u00edsimo respeto y admiraci\u00f3n por esos m\u00e9dicos, y por esa profesional en particular, porque cuando me puse a llorar desconsoladamente, ella lloraba conmigo. Me imagino que deben haber pasado y deben seguir pasando momentos muy dif\u00edciles&#8221;, dice.<\/p>\n\n\n\n<p>El dolor de M\u00f3nica y Ruy, dos acad\u00e9micos, los hijos de Oscar, sigue ah\u00ed. Pero aceptaron compartir los recuerdos de su padre con T\u00e9lam: &#8220;Siento que tuvo poca visibilidad en vida y su partida as\u00ed, sin siquiera un velatorio, me atormenta. Esto es como hacerlo m\u00e1s visible, como darle la despedida que no tuvo&#8221;, cierra ella.<\/p>\n","protected":false},"excerpt":{"rendered":"<p>&#8220;Poder contar la historia de pap\u00e1 nos ayudaba a poner nombres y rostros a las personas que perdieron la vida en esta pandemia&#8221;, empieza relatando Ruy Far\u00edas el hijo de Oscar que muri\u00f3 el 27 de abril de covid. &#8220;Mi papa era un hombre de 81 a\u00f1os y viv\u00eda en Parque Avellaneda en un Hogar [&hellip;]<\/p>\n","protected":false},"author":2,"featured_media":0,"comment_status":"open","ping_status":"open","sticky":false,"template":"","format":"standard","meta":{"tdm_status":"","tdm_grid_status":"","_jetpack_memberships_contains_paid_content":false,"footnotes":"","jetpack_publicize_message":"","jetpack_publicize_feature_enabled":true,"jetpack_social_post_already_shared":false,"jetpack_social_options":{"image_generator_settings":{"template":"highway","default_image_id":0,"font":"","enabled":false},"version":2}},"categories":[28],"tags":[],"class_list":{"0":"post-11605","1":"post","2":"type-post","3":"status-publish","4":"format-standard","6":"category-interes-general"},"yoast_head":"<!-- This site is optimized with the Yoast SEO plugin v22.7 - https:\/\/yoast.com\/wordpress\/plugins\/seo\/ -->\n<title>&quot;Mi pap\u00e1 es un n\u00famero dentro de ese gran n\u00famero que por suerte es rescatado del anonimato&quot; - 103.9 fm<\/title>\n<meta name=\"robots\" content=\"index, follow, max-snippet:-1, max-image-preview:large, max-video-preview:-1\" \/>\n<link rel=\"canonical\" href=\"https:\/\/ondauno.com.ar\/index.php\/2020\/06\/25\/mi-papa-es-un-numero-dentro-de-ese-gran-numero-que-por-suerte-es-rescatado-del-anonimato\/\" \/>\n<meta property=\"og:locale\" content=\"es_ES\" \/>\n<meta property=\"og:type\" content=\"article\" \/>\n<meta property=\"og:title\" content=\"&quot;Mi pap\u00e1 es un n\u00famero dentro de ese gran n\u00famero que por suerte es rescatado del anonimato&quot; - 103.9 fm\" \/>\n<meta property=\"og:description\" content=\"&#8220;Poder contar la historia de pap\u00e1 nos ayudaba a poner nombres y rostros a las personas que perdieron la vida en esta pandemia&#8221;, empieza relatando Ruy Far\u00edas el hijo de Oscar que muri\u00f3 el 27 de abril de covid. &#8220;Mi papa era un hombre de 81 a\u00f1os y viv\u00eda en Parque Avellaneda en un Hogar [&hellip;]\" \/>\n<meta property=\"og:url\" content=\"https:\/\/ondauno.com.ar\/index.php\/2020\/06\/25\/mi-papa-es-un-numero-dentro-de-ese-gran-numero-que-por-suerte-es-rescatado-del-anonimato\/\" \/>\n<meta property=\"og:site_name\" content=\"103.9 fm\" \/>\n<meta property=\"article:publisher\" content=\"https:\/\/www.facebook.com\/ondauno103.9\" \/>\n<meta property=\"article:published_time\" content=\"2020-06-25T20:15:54+00:00\" \/>\n<meta property=\"article:modified_time\" content=\"2020-06-25T20:15:58+00:00\" \/>\n<meta property=\"og:image\" content=\"https:\/\/ondauno.com.ar\/wp-content\/uploads\/2020\/06\/oscar-farias.jpg\" \/>\n\t<meta property=\"og:image:width\" content=\"800\" \/>\n\t<meta property=\"og:image:height\" content=\"449\" \/>\n\t<meta property=\"og:image:type\" content=\"image\/jpeg\" \/>\n<meta name=\"author\" content=\"fernando garcia\" \/>\n<meta name=\"twitter:card\" content=\"summary_large_image\" \/>\n<meta name=\"twitter:label1\" content=\"Escrito por\" \/>\n\t<meta name=\"twitter:data1\" content=\"fernando garcia\" \/>\n\t<meta name=\"twitter:label2\" content=\"Tiempo de lectura\" \/>\n\t<meta name=\"twitter:data2\" content=\"6 minutos\" \/>\n<script type=\"application\/ld+json\" class=\"yoast-schema-graph\">{\"@context\":\"https:\/\/schema.org\",\"@graph\":[{\"@type\":\"WebPage\",\"@id\":\"https:\/\/ondauno.com.ar\/index.php\/2020\/06\/25\/mi-papa-es-un-numero-dentro-de-ese-gran-numero-que-por-suerte-es-rescatado-del-anonimato\/\",\"url\":\"https:\/\/ondauno.com.ar\/index.php\/2020\/06\/25\/mi-papa-es-un-numero-dentro-de-ese-gran-numero-que-por-suerte-es-rescatado-del-anonimato\/\",\"name\":\"\\\"Mi pap\u00e1 es un n\u00famero dentro de ese gran n\u00famero que por suerte es rescatado del anonimato\\\" - 103.9 fm\",\"isPartOf\":{\"@id\":\"https:\/\/ondauno.com.ar\/#website\"},\"datePublished\":\"2020-06-25T20:15:54+00:00\",\"dateModified\":\"2020-06-25T20:15:58+00:00\",\"author\":{\"@id\":\"https:\/\/ondauno.com.ar\/#\/schema\/person\/201d1b68e6c75e0fd396fe5f8af5d139\"},\"breadcrumb\":{\"@id\":\"https:\/\/ondauno.com.ar\/index.php\/2020\/06\/25\/mi-papa-es-un-numero-dentro-de-ese-gran-numero-que-por-suerte-es-rescatado-del-anonimato\/#breadcrumb\"},\"inLanguage\":\"es-AR\",\"potentialAction\":[{\"@type\":\"ReadAction\",\"target\":[\"https:\/\/ondauno.com.ar\/index.php\/2020\/06\/25\/mi-papa-es-un-numero-dentro-de-ese-gran-numero-que-por-suerte-es-rescatado-del-anonimato\/\"]}]},{\"@type\":\"BreadcrumbList\",\"@id\":\"https:\/\/ondauno.com.ar\/index.php\/2020\/06\/25\/mi-papa-es-un-numero-dentro-de-ese-gran-numero-que-por-suerte-es-rescatado-del-anonimato\/#breadcrumb\",\"itemListElement\":[{\"@type\":\"ListItem\",\"position\":1,\"name\":\"Inicio\",\"item\":\"https:\/\/ondauno.com.ar\/\"},{\"@type\":\"ListItem\",\"position\":2,\"name\":\"&#8220;Mi pap\u00e1 es un n\u00famero dentro de ese gran n\u00famero que por suerte es rescatado del anonimato&#8221;\"}]},{\"@type\":\"WebSite\",\"@id\":\"https:\/\/ondauno.com.ar\/#website\",\"url\":\"https:\/\/ondauno.com.ar\/\",\"name\":\"103.9 fm\",\"description\":\"LA PRIMERA RADIO MULTIMEDIA DE TRES ARROYOS\",\"potentialAction\":[{\"@type\":\"SearchAction\",\"target\":{\"@type\":\"EntryPoint\",\"urlTemplate\":\"https:\/\/ondauno.com.ar\/?s={search_term_string}\"},\"query-input\":\"required name=search_term_string\"}],\"inLanguage\":\"es-AR\"},{\"@type\":\"Person\",\"@id\":\"https:\/\/ondauno.com.ar\/#\/schema\/person\/201d1b68e6c75e0fd396fe5f8af5d139\",\"name\":\"fernando garcia\",\"image\":{\"@type\":\"ImageObject\",\"inLanguage\":\"es-AR\",\"@id\":\"https:\/\/ondauno.com.ar\/#\/schema\/person\/image\/\",\"url\":\"https:\/\/secure.gravatar.com\/avatar\/5f7254642ad81272e79a2e69653cfdfc?s=96&d=mm&r=g\",\"contentUrl\":\"https:\/\/secure.gravatar.com\/avatar\/5f7254642ad81272e79a2e69653cfdfc?s=96&d=mm&r=g\",\"caption\":\"fernando garcia\"},\"url\":\"https:\/\/ondauno.com.ar\/index.php\/author\/ondaunoeditor\/\"}]}<\/script>\n<!-- \/ Yoast SEO plugin. -->","yoast_head_json":{"title":"\"Mi pap\u00e1 es un n\u00famero dentro de ese gran n\u00famero que por suerte es rescatado del anonimato\" - 103.9 fm","robots":{"index":"index","follow":"follow","max-snippet":"max-snippet:-1","max-image-preview":"max-image-preview:large","max-video-preview":"max-video-preview:-1"},"canonical":"https:\/\/ondauno.com.ar\/index.php\/2020\/06\/25\/mi-papa-es-un-numero-dentro-de-ese-gran-numero-que-por-suerte-es-rescatado-del-anonimato\/","og_locale":"es_ES","og_type":"article","og_title":"\"Mi pap\u00e1 es un n\u00famero dentro de ese gran n\u00famero que por suerte es rescatado del anonimato\" - 103.9 fm","og_description":"&#8220;Poder contar la historia de pap\u00e1 nos ayudaba a poner nombres y rostros a las personas que perdieron la vida en esta pandemia&#8221;, empieza relatando Ruy Far\u00edas el hijo de Oscar que muri\u00f3 el 27 de abril de covid. &#8220;Mi papa era un hombre de 81 a\u00f1os y viv\u00eda en Parque Avellaneda en un Hogar [&hellip;]","og_url":"https:\/\/ondauno.com.ar\/index.php\/2020\/06\/25\/mi-papa-es-un-numero-dentro-de-ese-gran-numero-que-por-suerte-es-rescatado-del-anonimato\/","og_site_name":"103.9 fm","article_publisher":"https:\/\/www.facebook.com\/ondauno103.9","article_published_time":"2020-06-25T20:15:54+00:00","article_modified_time":"2020-06-25T20:15:58+00:00","og_image":[{"width":800,"height":449,"url":"https:\/\/ondauno.com.ar\/wp-content\/uploads\/2020\/06\/oscar-farias.jpg","type":"image\/jpeg"}],"author":"fernando garcia","twitter_card":"summary_large_image","twitter_misc":{"Escrito por":"fernando garcia","Tiempo de lectura":"6 minutos"},"schema":{"@context":"https:\/\/schema.org","@graph":[{"@type":"WebPage","@id":"https:\/\/ondauno.com.ar\/index.php\/2020\/06\/25\/mi-papa-es-un-numero-dentro-de-ese-gran-numero-que-por-suerte-es-rescatado-del-anonimato\/","url":"https:\/\/ondauno.com.ar\/index.php\/2020\/06\/25\/mi-papa-es-un-numero-dentro-de-ese-gran-numero-que-por-suerte-es-rescatado-del-anonimato\/","name":"\"Mi pap\u00e1 es un n\u00famero dentro de ese gran n\u00famero que por suerte es rescatado del anonimato\" - 103.9 fm","isPartOf":{"@id":"https:\/\/ondauno.com.ar\/#website"},"datePublished":"2020-06-25T20:15:54+00:00","dateModified":"2020-06-25T20:15:58+00:00","author":{"@id":"https:\/\/ondauno.com.ar\/#\/schema\/person\/201d1b68e6c75e0fd396fe5f8af5d139"},"breadcrumb":{"@id":"https:\/\/ondauno.com.ar\/index.php\/2020\/06\/25\/mi-papa-es-un-numero-dentro-de-ese-gran-numero-que-por-suerte-es-rescatado-del-anonimato\/#breadcrumb"},"inLanguage":"es-AR","potentialAction":[{"@type":"ReadAction","target":["https:\/\/ondauno.com.ar\/index.php\/2020\/06\/25\/mi-papa-es-un-numero-dentro-de-ese-gran-numero-que-por-suerte-es-rescatado-del-anonimato\/"]}]},{"@type":"BreadcrumbList","@id":"https:\/\/ondauno.com.ar\/index.php\/2020\/06\/25\/mi-papa-es-un-numero-dentro-de-ese-gran-numero-que-por-suerte-es-rescatado-del-anonimato\/#breadcrumb","itemListElement":[{"@type":"ListItem","position":1,"name":"Inicio","item":"https:\/\/ondauno.com.ar\/"},{"@type":"ListItem","position":2,"name":"&#8220;Mi pap\u00e1 es un n\u00famero dentro de ese gran n\u00famero que por suerte es rescatado del anonimato&#8221;"}]},{"@type":"WebSite","@id":"https:\/\/ondauno.com.ar\/#website","url":"https:\/\/ondauno.com.ar\/","name":"103.9 fm","description":"LA PRIMERA RADIO MULTIMEDIA DE TRES ARROYOS","potentialAction":[{"@type":"SearchAction","target":{"@type":"EntryPoint","urlTemplate":"https:\/\/ondauno.com.ar\/?s={search_term_string}"},"query-input":"required name=search_term_string"}],"inLanguage":"es-AR"},{"@type":"Person","@id":"https:\/\/ondauno.com.ar\/#\/schema\/person\/201d1b68e6c75e0fd396fe5f8af5d139","name":"fernando garcia","image":{"@type":"ImageObject","inLanguage":"es-AR","@id":"https:\/\/ondauno.com.ar\/#\/schema\/person\/image\/","url":"https:\/\/secure.gravatar.com\/avatar\/5f7254642ad81272e79a2e69653cfdfc?s=96&d=mm&r=g","contentUrl":"https:\/\/secure.gravatar.com\/avatar\/5f7254642ad81272e79a2e69653cfdfc?s=96&d=mm&r=g","caption":"fernando garcia"},"url":"https:\/\/ondauno.com.ar\/index.php\/author\/ondaunoeditor\/"}]}},"jetpack_publicize_connections":[],"jetpack_featured_media_url":"","jetpack_sharing_enabled":true,"_links":{"self":[{"href":"https:\/\/ondauno.com.ar\/index.php\/wp-json\/wp\/v2\/posts\/11605","targetHints":{"allow":["GET"]}}],"collection":[{"href":"https:\/\/ondauno.com.ar\/index.php\/wp-json\/wp\/v2\/posts"}],"about":[{"href":"https:\/\/ondauno.com.ar\/index.php\/wp-json\/wp\/v2\/types\/post"}],"author":[{"embeddable":true,"href":"https:\/\/ondauno.com.ar\/index.php\/wp-json\/wp\/v2\/users\/2"}],"replies":[{"embeddable":true,"href":"https:\/\/ondauno.com.ar\/index.php\/wp-json\/wp\/v2\/comments?post=11605"}],"version-history":[{"count":0,"href":"https:\/\/ondauno.com.ar\/index.php\/wp-json\/wp\/v2\/posts\/11605\/revisions"}],"wp:attachment":[{"href":"https:\/\/ondauno.com.ar\/index.php\/wp-json\/wp\/v2\/media?parent=11605"}],"wp:term":[{"taxonomy":"category","embeddable":true,"href":"https:\/\/ondauno.com.ar\/index.php\/wp-json\/wp\/v2\/categories?post=11605"},{"taxonomy":"post_tag","embeddable":true,"href":"https:\/\/ondauno.com.ar\/index.php\/wp-json\/wp\/v2\/tags?post=11605"}],"curies":[{"name":"wp","href":"https:\/\/api.w.org\/{rel}","templated":true}]}}