{"id":10950,"date":"2020-06-09T12:40:44","date_gmt":"2020-06-09T15:40:44","guid":{"rendered":"http:\/\/ondauno.com.ar\/?p=10950"},"modified":"2020-06-09T12:40:46","modified_gmt":"2020-06-09T15:40:46","slug":"naciones-unidas-comprometio-su-apoyo-al-consejo-economico-y-social-que-propuso-el-presidente","status":"publish","type":"post","link":"https:\/\/ondauno.com.ar\/index.php\/2020\/06\/09\/naciones-unidas-comprometio-su-apoyo-al-consejo-economico-y-social-que-propuso-el-presidente\/","title":{"rendered":"Naciones Unidas comprometi\u00f3 su apoyo al Consejo Econ\u00f3mico y Social que propuso el Presidente"},"content":{"rendered":"<div class=\"ondau-before-content_3\" style=\"margin-top: -30px;\" id=\"ondau-3261187343\"><a href=\"https:\/\/www.lps.com.ar\/\" aria-label=\"la-perse2\"><img loading=\"lazy\" decoding=\"async\" src=\"https:\/\/ondauno.com.ar\/wp-content\/uploads\/2021\/10\/la-perse2.jpg\" alt=\"\"  srcset=\"https:\/\/ondauno.com.ar\/wp-content\/uploads\/2021\/10\/la-perse2.jpg 1353w, https:\/\/ondauno.com.ar\/wp-content\/uploads\/2021\/10\/la-perse2-300x43.jpg 300w, https:\/\/ondauno.com.ar\/wp-content\/uploads\/2021\/10\/la-perse2-1024x148.jpg 1024w, https:\/\/ondauno.com.ar\/wp-content\/uploads\/2021\/10\/la-perse2-768x111.jpg 768w, https:\/\/ondauno.com.ar\/wp-content\/uploads\/2021\/10\/la-perse2-696x100.jpg 696w, https:\/\/ondauno.com.ar\/wp-content\/uploads\/2021\/10\/la-perse2-1068x154.jpg 1068w\" sizes=\"(max-width: 1353px) 100vw, 1353px\" class=\"no-lazyload\" width=\"1353\" height=\"195\"  style=\"display: inline-block;\" \/><\/a><\/div>\n<p><\/p>\n\n\n\n<p>El presidente Alberto Fern\u00e1ndez se reuni\u00f3 esta ma\u00f1ana en la residencia de Olivos con altos representantes de Naciones Unidas que trabajan en el pa\u00eds, a quienes agradeci\u00f3 la contribuci\u00f3n que los organismos internacionales realizan para avanzar hacia un desarrollo sostenible e inclusivo y, en particular, su aporte al dise\u00f1o de pol\u00edticas p\u00fablicas para dar respuesta a los efectos de la propagaci\u00f3n del coronavirus COVID-19. <\/p>\n\n\n\n<p>Durante el encuentro, los funcionarios analizaron posibilidades de cooperaci\u00f3n sobre los principales desaf\u00edos para el desarrollo del pa\u00eds en un escenario de post-pandemia y manifestaron un fuerte apoyo a la formaci\u00f3n del Consejo Econ\u00f3mico y Social para el Desarrollo Argentino, que fue anunciado por el Presidente.<\/p>\n\n\n\n<p>\u201cEstamos en condiciones de poner en marcha pr\u00f3ximamente este Consejo Econ\u00f3mico y Social. Su opini\u00f3n es bienvenida y va a ser un gran aporte para su constituci\u00f3n \u201c, les expres\u00f3 el mandatario.<\/p>\n\n\n\n<p>Participaron el coordinador residente de las Naciones Unidas en Argentina, Roberto Valent; el director de la Oficina de la Organizaci\u00f3n Internacional del Trabajo (OIT) en el pa\u00eds, Pedro Furtado de Oliveira; el representante local del Programa de las Naciones Unidas para el Desarrollo (PNUD), Ren\u00e9 Mauricio Vald\u00e9s; y el director de la Comisi\u00f3n Econ\u00f3mica para Am\u00e9rica Latina y el Caribe (CEPAL), Mart\u00edn Abeles. El subsecretario general de la ONU y director regional del PNUD, Luis Felipe L\u00f3pez Calva, estuvo presente mediante videoconferencia.<\/p>\n\n\n\n<p>El Jefe de Estado les agradeci\u00f3 por la tarea que realizan desde hace a\u00f1os en el pa\u00eds y, en especial, su trabajo en el contexto de la pandemia del nuevo coronavirus, ya que el apoyo y las recomendaciones que estas agencias aportaron durante la crisis sanitaria colaboraron con el dise\u00f1o de la respuesta por parte del Estado. <\/p>\n\n\n\n<p>Asimismo, los representantes de los organismos internacionales exploraron posibilidades de cooperaci\u00f3n en el marco del proceso de di\u00e1logo social anunciado por el Presidente y brindaron su firme apoyo a la propuesta de formaci\u00f3n de un Consejo Econ\u00f3mico y Social para el Desarrollo Argentino como instancia participativa y din\u00e1mica de intercambio entre los diversos sectores de la sociedad. <\/p>\n\n\n\n<p>La OIT, el PNUD, la CEPAL y la ONU comprometieron todos sus esfuerzos, y su extensa experiencia pr\u00e1ctica y t\u00e9cnica a nivel regional y global, para asistir al Gobierno nacional en el dise\u00f1o de un plan estrat\u00e9gico, basado en propuestas innovadoras, que siente las bases para definir el rumbo de una Argentina sostenible, din\u00e1mica e inclusiva en un escenario post-pandemia. <\/p>\n\n\n\n<p>Acompa\u00f1\u00f3 al mandatario durante la reuni\u00f3n el secretario de Asuntos Estrat\u00e9gicos, Gustavo B\u00e9liz.<\/p>\n","protected":false},"excerpt":{"rendered":"<p>El presidente Alberto Fern\u00e1ndez se reuni\u00f3 esta ma\u00f1ana en la residencia de Olivos con altos representantes de Naciones Unidas que trabajan en el pa\u00eds, a quienes agradeci\u00f3 la contribuci\u00f3n que los organismos internacionales realizan para avanzar hacia un desarrollo sostenible e inclusivo y, en particular, su aporte al dise\u00f1o de pol\u00edticas p\u00fablicas para dar respuesta [&hellip;]<\/p>\n","protected":false},"author":2,"featured_media":0,"comment_status":"open","ping_status":"open","sticky":false,"template":"","format":"standard","meta":{"tdm_status":"","tdm_grid_status":"","_jetpack_memberships_contains_paid_content":false,"footnotes":"","jetpack_publicize_message":"","jetpack_publicize_feature_enabled":true,"jetpack_social_post_already_shared":false,"jetpack_social_options":{"image_generator_settings":{"template":"highway","default_image_id":0,"font":"","enabled":false},"version":2}},"categories":[3],"tags":[],"class_list":{"0":"post-10950","1":"post","2":"type-post","3":"status-publish","4":"format-standard","6":"category-nacionales"},"yoast_head":"<!-- This site is optimized with the Yoast SEO plugin v22.7 - https:\/\/yoast.com\/wordpress\/plugins\/seo\/ -->\n<title>Naciones Unidas comprometi\u00f3 su apoyo al Consejo Econ\u00f3mico y Social que propuso el Presidente - 103.9 fm<\/title>\n<meta name=\"robots\" content=\"index, follow, max-snippet:-1, max-image-preview:large, max-video-preview:-1\" \/>\n<link rel=\"canonical\" href=\"https:\/\/ondauno.com.ar\/index.php\/2020\/06\/09\/naciones-unidas-comprometio-su-apoyo-al-consejo-economico-y-social-que-propuso-el-presidente\/\" \/>\n<meta property=\"og:locale\" content=\"es_ES\" \/>\n<meta property=\"og:type\" content=\"article\" \/>\n<meta property=\"og:title\" content=\"Naciones Unidas comprometi\u00f3 su apoyo al Consejo Econ\u00f3mico y Social que propuso el Presidente - 103.9 fm\" \/>\n<meta property=\"og:description\" content=\"El presidente Alberto Fern\u00e1ndez se reuni\u00f3 esta ma\u00f1ana en la residencia de Olivos con altos representantes de Naciones Unidas que trabajan en el pa\u00eds, a quienes agradeci\u00f3 la contribuci\u00f3n que los organismos internacionales realizan para avanzar hacia un desarrollo sostenible e inclusivo y, en particular, su aporte al dise\u00f1o de pol\u00edticas p\u00fablicas para dar respuesta [&hellip;]\" \/>\n<meta property=\"og:url\" content=\"https:\/\/ondauno.com.ar\/index.php\/2020\/06\/09\/naciones-unidas-comprometio-su-apoyo-al-consejo-economico-y-social-que-propuso-el-presidente\/\" \/>\n<meta property=\"og:site_name\" content=\"103.9 fm\" \/>\n<meta property=\"article:publisher\" content=\"https:\/\/www.facebook.com\/ondauno103.9\" \/>\n<meta property=\"article:published_time\" content=\"2020-06-09T15:40:44+00:00\" \/>\n<meta property=\"article:modified_time\" content=\"2020-06-09T15:40:46+00:00\" \/>\n<meta property=\"og:image\" content=\"https:\/\/ondauno.com.ar\/wp-content\/uploads\/2020\/06\/WhatsApp-Image-2020-06-09-at-12.30.00.jpeg\" \/>\n\t<meta property=\"og:image:width\" content=\"1024\" \/>\n\t<meta property=\"og:image:height\" content=\"683\" \/>\n\t<meta property=\"og:image:type\" content=\"image\/jpeg\" \/>\n<meta name=\"author\" content=\"fernando garcia\" \/>\n<meta name=\"twitter:card\" content=\"summary_large_image\" \/>\n<meta name=\"twitter:label1\" content=\"Escrito por\" \/>\n\t<meta name=\"twitter:data1\" content=\"fernando garcia\" \/>\n\t<meta name=\"twitter:label2\" content=\"Tiempo de lectura\" \/>\n\t<meta name=\"twitter:data2\" content=\"2 minutos\" \/>\n<script type=\"application\/ld+json\" class=\"yoast-schema-graph\">{\"@context\":\"https:\/\/schema.org\",\"@graph\":[{\"@type\":\"WebPage\",\"@id\":\"https:\/\/ondauno.com.ar\/index.php\/2020\/06\/09\/naciones-unidas-comprometio-su-apoyo-al-consejo-economico-y-social-que-propuso-el-presidente\/\",\"url\":\"https:\/\/ondauno.com.ar\/index.php\/2020\/06\/09\/naciones-unidas-comprometio-su-apoyo-al-consejo-economico-y-social-que-propuso-el-presidente\/\",\"name\":\"Naciones Unidas comprometi\u00f3 su apoyo al Consejo Econ\u00f3mico y Social que propuso el Presidente - 103.9 fm\",\"isPartOf\":{\"@id\":\"https:\/\/ondauno.com.ar\/#website\"},\"datePublished\":\"2020-06-09T15:40:44+00:00\",\"dateModified\":\"2020-06-09T15:40:46+00:00\",\"author\":{\"@id\":\"https:\/\/ondauno.com.ar\/#\/schema\/person\/201d1b68e6c75e0fd396fe5f8af5d139\"},\"breadcrumb\":{\"@id\":\"https:\/\/ondauno.com.ar\/index.php\/2020\/06\/09\/naciones-unidas-comprometio-su-apoyo-al-consejo-economico-y-social-que-propuso-el-presidente\/#breadcrumb\"},\"inLanguage\":\"es-AR\",\"potentialAction\":[{\"@type\":\"ReadAction\",\"target\":[\"https:\/\/ondauno.com.ar\/index.php\/2020\/06\/09\/naciones-unidas-comprometio-su-apoyo-al-consejo-economico-y-social-que-propuso-el-presidente\/\"]}]},{\"@type\":\"BreadcrumbList\",\"@id\":\"https:\/\/ondauno.com.ar\/index.php\/2020\/06\/09\/naciones-unidas-comprometio-su-apoyo-al-consejo-economico-y-social-que-propuso-el-presidente\/#breadcrumb\",\"itemListElement\":[{\"@type\":\"ListItem\",\"position\":1,\"name\":\"Inicio\",\"item\":\"https:\/\/ondauno.com.ar\/\"},{\"@type\":\"ListItem\",\"position\":2,\"name\":\"Naciones Unidas comprometi\u00f3 su apoyo al Consejo Econ\u00f3mico y Social que propuso el Presidente\"}]},{\"@type\":\"WebSite\",\"@id\":\"https:\/\/ondauno.com.ar\/#website\",\"url\":\"https:\/\/ondauno.com.ar\/\",\"name\":\"103.9 fm\",\"description\":\"LA PRIMERA RADIO MULTIMEDIA DE TRES ARROYOS\",\"potentialAction\":[{\"@type\":\"SearchAction\",\"target\":{\"@type\":\"EntryPoint\",\"urlTemplate\":\"https:\/\/ondauno.com.ar\/?s={search_term_string}\"},\"query-input\":\"required name=search_term_string\"}],\"inLanguage\":\"es-AR\"},{\"@type\":\"Person\",\"@id\":\"https:\/\/ondauno.com.ar\/#\/schema\/person\/201d1b68e6c75e0fd396fe5f8af5d139\",\"name\":\"fernando garcia\",\"image\":{\"@type\":\"ImageObject\",\"inLanguage\":\"es-AR\",\"@id\":\"https:\/\/ondauno.com.ar\/#\/schema\/person\/image\/\",\"url\":\"https:\/\/secure.gravatar.com\/avatar\/5f7254642ad81272e79a2e69653cfdfc?s=96&d=mm&r=g\",\"contentUrl\":\"https:\/\/secure.gravatar.com\/avatar\/5f7254642ad81272e79a2e69653cfdfc?s=96&d=mm&r=g\",\"caption\":\"fernando garcia\"},\"url\":\"https:\/\/ondauno.com.ar\/index.php\/author\/ondaunoeditor\/\"}]}<\/script>\n<!-- \/ Yoast SEO plugin. -->","yoast_head_json":{"title":"Naciones Unidas comprometi\u00f3 su apoyo al Consejo Econ\u00f3mico y Social que propuso el Presidente - 103.9 fm","robots":{"index":"index","follow":"follow","max-snippet":"max-snippet:-1","max-image-preview":"max-image-preview:large","max-video-preview":"max-video-preview:-1"},"canonical":"https:\/\/ondauno.com.ar\/index.php\/2020\/06\/09\/naciones-unidas-comprometio-su-apoyo-al-consejo-economico-y-social-que-propuso-el-presidente\/","og_locale":"es_ES","og_type":"article","og_title":"Naciones Unidas comprometi\u00f3 su apoyo al Consejo Econ\u00f3mico y Social que propuso el Presidente - 103.9 fm","og_description":"El presidente Alberto Fern\u00e1ndez se reuni\u00f3 esta ma\u00f1ana en la residencia de Olivos con altos representantes de Naciones Unidas que trabajan en el pa\u00eds, a quienes agradeci\u00f3 la contribuci\u00f3n que los organismos internacionales realizan para avanzar hacia un desarrollo sostenible e inclusivo y, en particular, su aporte al dise\u00f1o de pol\u00edticas p\u00fablicas para dar respuesta [&hellip;]","og_url":"https:\/\/ondauno.com.ar\/index.php\/2020\/06\/09\/naciones-unidas-comprometio-su-apoyo-al-consejo-economico-y-social-que-propuso-el-presidente\/","og_site_name":"103.9 fm","article_publisher":"https:\/\/www.facebook.com\/ondauno103.9","article_published_time":"2020-06-09T15:40:44+00:00","article_modified_time":"2020-06-09T15:40:46+00:00","og_image":[{"width":1024,"height":683,"url":"https:\/\/ondauno.com.ar\/wp-content\/uploads\/2020\/06\/WhatsApp-Image-2020-06-09-at-12.30.00.jpeg","type":"image\/jpeg"}],"author":"fernando garcia","twitter_card":"summary_large_image","twitter_misc":{"Escrito por":"fernando garcia","Tiempo de lectura":"2 minutos"},"schema":{"@context":"https:\/\/schema.org","@graph":[{"@type":"WebPage","@id":"https:\/\/ondauno.com.ar\/index.php\/2020\/06\/09\/naciones-unidas-comprometio-su-apoyo-al-consejo-economico-y-social-que-propuso-el-presidente\/","url":"https:\/\/ondauno.com.ar\/index.php\/2020\/06\/09\/naciones-unidas-comprometio-su-apoyo-al-consejo-economico-y-social-que-propuso-el-presidente\/","name":"Naciones Unidas comprometi\u00f3 su apoyo al Consejo Econ\u00f3mico y Social que propuso el Presidente - 103.9 fm","isPartOf":{"@id":"https:\/\/ondauno.com.ar\/#website"},"datePublished":"2020-06-09T15:40:44+00:00","dateModified":"2020-06-09T15:40:46+00:00","author":{"@id":"https:\/\/ondauno.com.ar\/#\/schema\/person\/201d1b68e6c75e0fd396fe5f8af5d139"},"breadcrumb":{"@id":"https:\/\/ondauno.com.ar\/index.php\/2020\/06\/09\/naciones-unidas-comprometio-su-apoyo-al-consejo-economico-y-social-que-propuso-el-presidente\/#breadcrumb"},"inLanguage":"es-AR","potentialAction":[{"@type":"ReadAction","target":["https:\/\/ondauno.com.ar\/index.php\/2020\/06\/09\/naciones-unidas-comprometio-su-apoyo-al-consejo-economico-y-social-que-propuso-el-presidente\/"]}]},{"@type":"BreadcrumbList","@id":"https:\/\/ondauno.com.ar\/index.php\/2020\/06\/09\/naciones-unidas-comprometio-su-apoyo-al-consejo-economico-y-social-que-propuso-el-presidente\/#breadcrumb","itemListElement":[{"@type":"ListItem","position":1,"name":"Inicio","item":"https:\/\/ondauno.com.ar\/"},{"@type":"ListItem","position":2,"name":"Naciones Unidas comprometi\u00f3 su apoyo al Consejo Econ\u00f3mico y Social que propuso el Presidente"}]},{"@type":"WebSite","@id":"https:\/\/ondauno.com.ar\/#website","url":"https:\/\/ondauno.com.ar\/","name":"103.9 fm","description":"LA PRIMERA RADIO MULTIMEDIA DE TRES ARROYOS","potentialAction":[{"@type":"SearchAction","target":{"@type":"EntryPoint","urlTemplate":"https:\/\/ondauno.com.ar\/?s={search_term_string}"},"query-input":"required name=search_term_string"}],"inLanguage":"es-AR"},{"@type":"Person","@id":"https:\/\/ondauno.com.ar\/#\/schema\/person\/201d1b68e6c75e0fd396fe5f8af5d139","name":"fernando garcia","image":{"@type":"ImageObject","inLanguage":"es-AR","@id":"https:\/\/ondauno.com.ar\/#\/schema\/person\/image\/","url":"https:\/\/secure.gravatar.com\/avatar\/5f7254642ad81272e79a2e69653cfdfc?s=96&d=mm&r=g","contentUrl":"https:\/\/secure.gravatar.com\/avatar\/5f7254642ad81272e79a2e69653cfdfc?s=96&d=mm&r=g","caption":"fernando garcia"},"url":"https:\/\/ondauno.com.ar\/index.php\/author\/ondaunoeditor\/"}]}},"jetpack_publicize_connections":[],"jetpack_featured_media_url":"","jetpack_sharing_enabled":true,"_links":{"self":[{"href":"https:\/\/ondauno.com.ar\/index.php\/wp-json\/wp\/v2\/posts\/10950","targetHints":{"allow":["GET"]}}],"collection":[{"href":"https:\/\/ondauno.com.ar\/index.php\/wp-json\/wp\/v2\/posts"}],"about":[{"href":"https:\/\/ondauno.com.ar\/index.php\/wp-json\/wp\/v2\/types\/post"}],"author":[{"embeddable":true,"href":"https:\/\/ondauno.com.ar\/index.php\/wp-json\/wp\/v2\/users\/2"}],"replies":[{"embeddable":true,"href":"https:\/\/ondauno.com.ar\/index.php\/wp-json\/wp\/v2\/comments?post=10950"}],"version-history":[{"count":0,"href":"https:\/\/ondauno.com.ar\/index.php\/wp-json\/wp\/v2\/posts\/10950\/revisions"}],"wp:attachment":[{"href":"https:\/\/ondauno.com.ar\/index.php\/wp-json\/wp\/v2\/media?parent=10950"}],"wp:term":[{"taxonomy":"category","embeddable":true,"href":"https:\/\/ondauno.com.ar\/index.php\/wp-json\/wp\/v2\/categories?post=10950"},{"taxonomy":"post_tag","embeddable":true,"href":"https:\/\/ondauno.com.ar\/index.php\/wp-json\/wp\/v2\/tags?post=10950"}],"curies":[{"name":"wp","href":"https:\/\/api.w.org\/{rel}","templated":true}]}}