{"id":10623,"date":"2020-06-03T11:47:10","date_gmt":"2020-06-03T14:47:10","guid":{"rendered":"http:\/\/ondauno.com.ar\/?p=10623"},"modified":"2020-06-03T11:47:14","modified_gmt":"2020-06-03T14:47:14","slug":"el-centro-de-salud-entrego-camilla-para-traslados-de-pacientes-respiratorios-a-policoop","status":"publish","type":"post","link":"https:\/\/ondauno.com.ar\/index.php\/2020\/06\/03\/el-centro-de-salud-entrego-camilla-para-traslados-de-pacientes-respiratorios-a-policoop\/","title":{"rendered":"El Centro de Salud entreg\u00f3 camilla para traslados de Pacientes respiratorios a Policoop"},"content":{"rendered":"<div class=\"ondau-before-content_3\" style=\"margin-top: -30px;\" id=\"ondau-3653292381\"><a href=\"https:\/\/www.lps.com.ar\/\" aria-label=\"la-perse2\"><img loading=\"lazy\" decoding=\"async\" src=\"https:\/\/ondauno.com.ar\/wp-content\/uploads\/2021\/10\/la-perse2.jpg\" alt=\"\"  srcset=\"https:\/\/ondauno.com.ar\/wp-content\/uploads\/2021\/10\/la-perse2.jpg 1353w, https:\/\/ondauno.com.ar\/wp-content\/uploads\/2021\/10\/la-perse2-300x43.jpg 300w, https:\/\/ondauno.com.ar\/wp-content\/uploads\/2021\/10\/la-perse2-1024x148.jpg 1024w, https:\/\/ondauno.com.ar\/wp-content\/uploads\/2021\/10\/la-perse2-768x111.jpg 768w, https:\/\/ondauno.com.ar\/wp-content\/uploads\/2021\/10\/la-perse2-696x100.jpg 696w, https:\/\/ondauno.com.ar\/wp-content\/uploads\/2021\/10\/la-perse2-1068x154.jpg 1068w\" sizes=\"(max-width: 1353px) 100vw, 1353px\" class=\"no-lazyload\" width=\"1353\" height=\"195\"  style=\"display: inline-block;\" \/><\/a><\/div>\n<p>En virtud de la reingenier\u00eda de recursos que demanda la emergencia sanitaria, en la ma\u00f1ana de hoy, en la Direcci\u00f3n del Centro de Salud el Director Asociado, el Dr. Alexis Pogorzelsky otorg\u00f3 para su utilizaci\u00f3n una \u00a0camilla para traslado de pacientes con patolog\u00edas infecciosas\/ respiratorias\/ Covid -19 a la Cooperativa de Trabajo de Servicios de Salud Policoop, ya que a ra\u00edz \u00a0de la integraci\u00f3n del sistema de salud, la entidad realiza los controles domiciliarios y los traslados de pacientes con patolog\u00edas respiratorias desde los domicilios hasta la instituci\u00f3n sanitaria.<\/p>\n\n\n\n<p><br>Entre el equipamiento que adquiri\u00f3 el Centro de Salud del Pdo. de Tres Arroyos para el abordaje del Covid 19, se incorporaron dos camillas de traslado para pacientes con patolog\u00edas respiratorias. Estos implementos permiten el correcto traslado del paciente como tambi\u00e9n la seguridad del personal que realiza la manipulaci\u00f3n. Una de las camillas quedo en poder del servicio de ambulancias del Hospital y la segunda, se otorg\u00f3 a Policoop \u00a0y \u00a0la fue recibida por el Sr. Pablo Escudero en car\u00e1cter de presidente de la Cooperativa. <\/p>\n","protected":false},"excerpt":{"rendered":"<p>En virtud de la reingenier\u00eda de recursos que demanda la emergencia sanitaria, en la ma\u00f1ana de hoy, en la Direcci\u00f3n del Centro de Salud el Director Asociado, el Dr. Alexis Pogorzelsky otorg\u00f3 para su utilizaci\u00f3n una \u00a0camilla para traslado de pacientes con patolog\u00edas infecciosas\/ respiratorias\/ Covid -19 a la Cooperativa de Trabajo de Servicios de [&hellip;]<\/p>\n","protected":false},"author":2,"featured_media":10624,"comment_status":"open","ping_status":"open","sticky":false,"template":"","format":"standard","meta":{"tdm_status":"","tdm_grid_status":"","_jetpack_memberships_contains_paid_content":false,"footnotes":"","jetpack_publicize_message":"","jetpack_publicize_feature_enabled":true,"jetpack_social_post_already_shared":false,"jetpack_social_options":{"image_generator_settings":{"template":"highway","default_image_id":0,"font":"","enabled":false},"version":2}},"categories":[2],"tags":[],"class_list":{"0":"post-10623","1":"post","2":"type-post","3":"status-publish","4":"format-standard","5":"has-post-thumbnail","7":"category-locales"},"yoast_head":"<!-- This site is optimized with the Yoast SEO plugin v22.7 - https:\/\/yoast.com\/wordpress\/plugins\/seo\/ -->\n<title>El Centro de Salud entreg\u00f3 camilla para traslados de Pacientes respiratorios a Policoop - 103.9 fm<\/title>\n<meta name=\"robots\" content=\"index, follow, max-snippet:-1, max-image-preview:large, max-video-preview:-1\" \/>\n<link rel=\"canonical\" href=\"https:\/\/ondauno.com.ar\/index.php\/2020\/06\/03\/el-centro-de-salud-entrego-camilla-para-traslados-de-pacientes-respiratorios-a-policoop\/\" \/>\n<meta property=\"og:locale\" content=\"es_ES\" \/>\n<meta property=\"og:type\" content=\"article\" \/>\n<meta property=\"og:title\" content=\"El Centro de Salud entreg\u00f3 camilla para traslados de Pacientes respiratorios a Policoop - 103.9 fm\" \/>\n<meta property=\"og:description\" content=\"En virtud de la reingenier\u00eda de recursos que demanda la emergencia sanitaria, en la ma\u00f1ana de hoy, en la Direcci\u00f3n del Centro de Salud el Director Asociado, el Dr. Alexis Pogorzelsky otorg\u00f3 para su utilizaci\u00f3n una \u00a0camilla para traslado de pacientes con patolog\u00edas infecciosas\/ respiratorias\/ Covid -19 a la Cooperativa de Trabajo de Servicios de [&hellip;]\" \/>\n<meta property=\"og:url\" content=\"https:\/\/ondauno.com.ar\/index.php\/2020\/06\/03\/el-centro-de-salud-entrego-camilla-para-traslados-de-pacientes-respiratorios-a-policoop\/\" \/>\n<meta property=\"og:site_name\" content=\"103.9 fm\" \/>\n<meta property=\"article:publisher\" content=\"https:\/\/www.facebook.com\/ondauno103.9\" \/>\n<meta property=\"article:published_time\" content=\"2020-06-03T14:47:10+00:00\" \/>\n<meta property=\"article:modified_time\" content=\"2020-06-03T14:47:14+00:00\" \/>\n<meta property=\"og:image\" content=\"https:\/\/ondauno.com.ar\/wp-content\/uploads\/2020\/06\/camilla.jpg\" \/>\n\t<meta property=\"og:image:width\" content=\"1040\" \/>\n\t<meta property=\"og:image:height\" content=\"780\" \/>\n\t<meta property=\"og:image:type\" content=\"image\/jpeg\" \/>\n<meta name=\"author\" content=\"fernando garcia\" \/>\n<meta name=\"twitter:card\" content=\"summary_large_image\" \/>\n<meta name=\"twitter:label1\" content=\"Escrito por\" \/>\n\t<meta name=\"twitter:data1\" content=\"fernando garcia\" \/>\n\t<meta name=\"twitter:label2\" content=\"Tiempo de lectura\" \/>\n\t<meta name=\"twitter:data2\" content=\"1 minuto\" \/>\n<script type=\"application\/ld+json\" class=\"yoast-schema-graph\">{\"@context\":\"https:\/\/schema.org\",\"@graph\":[{\"@type\":\"WebPage\",\"@id\":\"https:\/\/ondauno.com.ar\/index.php\/2020\/06\/03\/el-centro-de-salud-entrego-camilla-para-traslados-de-pacientes-respiratorios-a-policoop\/\",\"url\":\"https:\/\/ondauno.com.ar\/index.php\/2020\/06\/03\/el-centro-de-salud-entrego-camilla-para-traslados-de-pacientes-respiratorios-a-policoop\/\",\"name\":\"El Centro de Salud entreg\u00f3 camilla para traslados de Pacientes respiratorios a Policoop - 103.9 fm\",\"isPartOf\":{\"@id\":\"https:\/\/ondauno.com.ar\/#website\"},\"primaryImageOfPage\":{\"@id\":\"https:\/\/ondauno.com.ar\/index.php\/2020\/06\/03\/el-centro-de-salud-entrego-camilla-para-traslados-de-pacientes-respiratorios-a-policoop\/#primaryimage\"},\"image\":{\"@id\":\"https:\/\/ondauno.com.ar\/index.php\/2020\/06\/03\/el-centro-de-salud-entrego-camilla-para-traslados-de-pacientes-respiratorios-a-policoop\/#primaryimage\"},\"thumbnailUrl\":\"https:\/\/ondauno.com.ar\/wp-content\/uploads\/2020\/06\/camilla.jpg\",\"datePublished\":\"2020-06-03T14:47:10+00:00\",\"dateModified\":\"2020-06-03T14:47:14+00:00\",\"author\":{\"@id\":\"https:\/\/ondauno.com.ar\/#\/schema\/person\/201d1b68e6c75e0fd396fe5f8af5d139\"},\"breadcrumb\":{\"@id\":\"https:\/\/ondauno.com.ar\/index.php\/2020\/06\/03\/el-centro-de-salud-entrego-camilla-para-traslados-de-pacientes-respiratorios-a-policoop\/#breadcrumb\"},\"inLanguage\":\"es-AR\",\"potentialAction\":[{\"@type\":\"ReadAction\",\"target\":[\"https:\/\/ondauno.com.ar\/index.php\/2020\/06\/03\/el-centro-de-salud-entrego-camilla-para-traslados-de-pacientes-respiratorios-a-policoop\/\"]}]},{\"@type\":\"ImageObject\",\"inLanguage\":\"es-AR\",\"@id\":\"https:\/\/ondauno.com.ar\/index.php\/2020\/06\/03\/el-centro-de-salud-entrego-camilla-para-traslados-de-pacientes-respiratorios-a-policoop\/#primaryimage\",\"url\":\"https:\/\/ondauno.com.ar\/wp-content\/uploads\/2020\/06\/camilla.jpg\",\"contentUrl\":\"https:\/\/ondauno.com.ar\/wp-content\/uploads\/2020\/06\/camilla.jpg\",\"width\":1040,\"height\":780},{\"@type\":\"BreadcrumbList\",\"@id\":\"https:\/\/ondauno.com.ar\/index.php\/2020\/06\/03\/el-centro-de-salud-entrego-camilla-para-traslados-de-pacientes-respiratorios-a-policoop\/#breadcrumb\",\"itemListElement\":[{\"@type\":\"ListItem\",\"position\":1,\"name\":\"Inicio\",\"item\":\"https:\/\/ondauno.com.ar\/\"},{\"@type\":\"ListItem\",\"position\":2,\"name\":\"El Centro de Salud entreg\u00f3 camilla para traslados de Pacientes respiratorios a Policoop\"}]},{\"@type\":\"WebSite\",\"@id\":\"https:\/\/ondauno.com.ar\/#website\",\"url\":\"https:\/\/ondauno.com.ar\/\",\"name\":\"103.9 fm\",\"description\":\"LA PRIMERA RADIO MULTIMEDIA DE TRES ARROYOS\",\"potentialAction\":[{\"@type\":\"SearchAction\",\"target\":{\"@type\":\"EntryPoint\",\"urlTemplate\":\"https:\/\/ondauno.com.ar\/?s={search_term_string}\"},\"query-input\":\"required name=search_term_string\"}],\"inLanguage\":\"es-AR\"},{\"@type\":\"Person\",\"@id\":\"https:\/\/ondauno.com.ar\/#\/schema\/person\/201d1b68e6c75e0fd396fe5f8af5d139\",\"name\":\"fernando garcia\",\"image\":{\"@type\":\"ImageObject\",\"inLanguage\":\"es-AR\",\"@id\":\"https:\/\/ondauno.com.ar\/#\/schema\/person\/image\/\",\"url\":\"https:\/\/secure.gravatar.com\/avatar\/5f7254642ad81272e79a2e69653cfdfc?s=96&d=mm&r=g\",\"contentUrl\":\"https:\/\/secure.gravatar.com\/avatar\/5f7254642ad81272e79a2e69653cfdfc?s=96&d=mm&r=g\",\"caption\":\"fernando garcia\"},\"url\":\"https:\/\/ondauno.com.ar\/index.php\/author\/ondaunoeditor\/\"}]}<\/script>\n<!-- \/ Yoast SEO plugin. -->","yoast_head_json":{"title":"El Centro de Salud entreg\u00f3 camilla para traslados de Pacientes respiratorios a Policoop - 103.9 fm","robots":{"index":"index","follow":"follow","max-snippet":"max-snippet:-1","max-image-preview":"max-image-preview:large","max-video-preview":"max-video-preview:-1"},"canonical":"https:\/\/ondauno.com.ar\/index.php\/2020\/06\/03\/el-centro-de-salud-entrego-camilla-para-traslados-de-pacientes-respiratorios-a-policoop\/","og_locale":"es_ES","og_type":"article","og_title":"El Centro de Salud entreg\u00f3 camilla para traslados de Pacientes respiratorios a Policoop - 103.9 fm","og_description":"En virtud de la reingenier\u00eda de recursos que demanda la emergencia sanitaria, en la ma\u00f1ana de hoy, en la Direcci\u00f3n del Centro de Salud el Director Asociado, el Dr. Alexis Pogorzelsky otorg\u00f3 para su utilizaci\u00f3n una \u00a0camilla para traslado de pacientes con patolog\u00edas infecciosas\/ respiratorias\/ Covid -19 a la Cooperativa de Trabajo de Servicios de [&hellip;]","og_url":"https:\/\/ondauno.com.ar\/index.php\/2020\/06\/03\/el-centro-de-salud-entrego-camilla-para-traslados-de-pacientes-respiratorios-a-policoop\/","og_site_name":"103.9 fm","article_publisher":"https:\/\/www.facebook.com\/ondauno103.9","article_published_time":"2020-06-03T14:47:10+00:00","article_modified_time":"2020-06-03T14:47:14+00:00","og_image":[{"width":1040,"height":780,"url":"https:\/\/ondauno.com.ar\/wp-content\/uploads\/2020\/06\/camilla.jpg","type":"image\/jpeg"}],"author":"fernando garcia","twitter_card":"summary_large_image","twitter_misc":{"Escrito por":"fernando garcia","Tiempo de lectura":"1 minuto"},"schema":{"@context":"https:\/\/schema.org","@graph":[{"@type":"WebPage","@id":"https:\/\/ondauno.com.ar\/index.php\/2020\/06\/03\/el-centro-de-salud-entrego-camilla-para-traslados-de-pacientes-respiratorios-a-policoop\/","url":"https:\/\/ondauno.com.ar\/index.php\/2020\/06\/03\/el-centro-de-salud-entrego-camilla-para-traslados-de-pacientes-respiratorios-a-policoop\/","name":"El Centro de Salud entreg\u00f3 camilla para traslados de Pacientes respiratorios a Policoop - 103.9 fm","isPartOf":{"@id":"https:\/\/ondauno.com.ar\/#website"},"primaryImageOfPage":{"@id":"https:\/\/ondauno.com.ar\/index.php\/2020\/06\/03\/el-centro-de-salud-entrego-camilla-para-traslados-de-pacientes-respiratorios-a-policoop\/#primaryimage"},"image":{"@id":"https:\/\/ondauno.com.ar\/index.php\/2020\/06\/03\/el-centro-de-salud-entrego-camilla-para-traslados-de-pacientes-respiratorios-a-policoop\/#primaryimage"},"thumbnailUrl":"https:\/\/ondauno.com.ar\/wp-content\/uploads\/2020\/06\/camilla.jpg","datePublished":"2020-06-03T14:47:10+00:00","dateModified":"2020-06-03T14:47:14+00:00","author":{"@id":"https:\/\/ondauno.com.ar\/#\/schema\/person\/201d1b68e6c75e0fd396fe5f8af5d139"},"breadcrumb":{"@id":"https:\/\/ondauno.com.ar\/index.php\/2020\/06\/03\/el-centro-de-salud-entrego-camilla-para-traslados-de-pacientes-respiratorios-a-policoop\/#breadcrumb"},"inLanguage":"es-AR","potentialAction":[{"@type":"ReadAction","target":["https:\/\/ondauno.com.ar\/index.php\/2020\/06\/03\/el-centro-de-salud-entrego-camilla-para-traslados-de-pacientes-respiratorios-a-policoop\/"]}]},{"@type":"ImageObject","inLanguage":"es-AR","@id":"https:\/\/ondauno.com.ar\/index.php\/2020\/06\/03\/el-centro-de-salud-entrego-camilla-para-traslados-de-pacientes-respiratorios-a-policoop\/#primaryimage","url":"https:\/\/ondauno.com.ar\/wp-content\/uploads\/2020\/06\/camilla.jpg","contentUrl":"https:\/\/ondauno.com.ar\/wp-content\/uploads\/2020\/06\/camilla.jpg","width":1040,"height":780},{"@type":"BreadcrumbList","@id":"https:\/\/ondauno.com.ar\/index.php\/2020\/06\/03\/el-centro-de-salud-entrego-camilla-para-traslados-de-pacientes-respiratorios-a-policoop\/#breadcrumb","itemListElement":[{"@type":"ListItem","position":1,"name":"Inicio","item":"https:\/\/ondauno.com.ar\/"},{"@type":"ListItem","position":2,"name":"El Centro de Salud entreg\u00f3 camilla para traslados de Pacientes respiratorios a Policoop"}]},{"@type":"WebSite","@id":"https:\/\/ondauno.com.ar\/#website","url":"https:\/\/ondauno.com.ar\/","name":"103.9 fm","description":"LA PRIMERA RADIO MULTIMEDIA DE TRES ARROYOS","potentialAction":[{"@type":"SearchAction","target":{"@type":"EntryPoint","urlTemplate":"https:\/\/ondauno.com.ar\/?s={search_term_string}"},"query-input":"required name=search_term_string"}],"inLanguage":"es-AR"},{"@type":"Person","@id":"https:\/\/ondauno.com.ar\/#\/schema\/person\/201d1b68e6c75e0fd396fe5f8af5d139","name":"fernando garcia","image":{"@type":"ImageObject","inLanguage":"es-AR","@id":"https:\/\/ondauno.com.ar\/#\/schema\/person\/image\/","url":"https:\/\/secure.gravatar.com\/avatar\/5f7254642ad81272e79a2e69653cfdfc?s=96&d=mm&r=g","contentUrl":"https:\/\/secure.gravatar.com\/avatar\/5f7254642ad81272e79a2e69653cfdfc?s=96&d=mm&r=g","caption":"fernando garcia"},"url":"https:\/\/ondauno.com.ar\/index.php\/author\/ondaunoeditor\/"}]}},"jetpack_publicize_connections":[],"jetpack_featured_media_url":"https:\/\/ondauno.com.ar\/wp-content\/uploads\/2020\/06\/camilla.jpg","jetpack_sharing_enabled":true,"_links":{"self":[{"href":"https:\/\/ondauno.com.ar\/index.php\/wp-json\/wp\/v2\/posts\/10623","targetHints":{"allow":["GET"]}}],"collection":[{"href":"https:\/\/ondauno.com.ar\/index.php\/wp-json\/wp\/v2\/posts"}],"about":[{"href":"https:\/\/ondauno.com.ar\/index.php\/wp-json\/wp\/v2\/types\/post"}],"author":[{"embeddable":true,"href":"https:\/\/ondauno.com.ar\/index.php\/wp-json\/wp\/v2\/users\/2"}],"replies":[{"embeddable":true,"href":"https:\/\/ondauno.com.ar\/index.php\/wp-json\/wp\/v2\/comments?post=10623"}],"version-history":[{"count":0,"href":"https:\/\/ondauno.com.ar\/index.php\/wp-json\/wp\/v2\/posts\/10623\/revisions"}],"wp:featuredmedia":[{"embeddable":true,"href":"https:\/\/ondauno.com.ar\/index.php\/wp-json\/wp\/v2\/media\/10624"}],"wp:attachment":[{"href":"https:\/\/ondauno.com.ar\/index.php\/wp-json\/wp\/v2\/media?parent=10623"}],"wp:term":[{"taxonomy":"category","embeddable":true,"href":"https:\/\/ondauno.com.ar\/index.php\/wp-json\/wp\/v2\/categories?post=10623"},{"taxonomy":"post_tag","embeddable":true,"href":"https:\/\/ondauno.com.ar\/index.php\/wp-json\/wp\/v2\/tags?post=10623"}],"curies":[{"name":"wp","href":"https:\/\/api.w.org\/{rel}","templated":true}]}}