{"id":10509,"date":"2020-06-01T14:32:36","date_gmt":"2020-06-01T17:32:36","guid":{"rendered":"http:\/\/ondauno.com.ar\/?p=10509"},"modified":"2020-06-01T14:32:40","modified_gmt":"2020-06-01T17:32:40","slug":"queremos-que-la-seguridad-en-el-campo-continue-como-estaba","status":"publish","type":"post","link":"https:\/\/ondauno.com.ar\/index.php\/2020\/06\/01\/queremos-que-la-seguridad-en-el-campo-continue-como-estaba\/","title":{"rendered":"&#8220;Queremos que la seguridad en el campo contin\u00fae como estaba&#8221;"},"content":{"rendered":"<div class=\"ondau-before-content_3\" style=\"margin-top: -30px;\" id=\"ondau-3406093802\"><a href=\"https:\/\/www.lps.com.ar\/\" aria-label=\"la-perse2\"><img loading=\"lazy\" decoding=\"async\" src=\"https:\/\/ondauno.com.ar\/wp-content\/uploads\/2021\/10\/la-perse2.jpg\" alt=\"\"  srcset=\"https:\/\/ondauno.com.ar\/wp-content\/uploads\/2021\/10\/la-perse2.jpg 1353w, https:\/\/ondauno.com.ar\/wp-content\/uploads\/2021\/10\/la-perse2-300x43.jpg 300w, https:\/\/ondauno.com.ar\/wp-content\/uploads\/2021\/10\/la-perse2-1024x148.jpg 1024w, https:\/\/ondauno.com.ar\/wp-content\/uploads\/2021\/10\/la-perse2-768x111.jpg 768w, https:\/\/ondauno.com.ar\/wp-content\/uploads\/2021\/10\/la-perse2-696x100.jpg 696w, https:\/\/ondauno.com.ar\/wp-content\/uploads\/2021\/10\/la-perse2-1068x154.jpg 1068w\" sizes=\"(max-width: 1353px) 100vw, 1353px\" class=\"no-lazyload\" width=\"1353\" height=\"195\"  style=\"display: inline-block;\" \/><\/a><\/div>\n<p>El presidente de Carbap, Mat\u00edas De Velazco dijo esta ma\u00f1ana en Cosas que Pasan que &#8220;en Tres Arroyos se da la particularidad que el intendente quiere manejar la patrulla rural, sin opinar respecto a ese distrito en particular, lo que hablamos desde Carbap con la Polic\u00eda y autoridades del Ministerio provincial de Seguridad es que la seguridad en el campo contin\u00fae como estaba y que dependa de la Superintendencia&#8221;.<\/p>\n\n\n\n<p>&#8220;El CPR es una de las \u00fanicas Fuerzas del orden que tiene la aprobaci\u00f3n de la gente que tiene que ser cuidada, y, en un pa\u00eds en el que tantas cosas andan mal, hay que cuidar esto que anda bien&#8221;.<\/p>\n\n\n\n<p><\/p>\n\n\n\n<figure class=\"wp-block-embed-facebook wp-block-embed is-type-video is-provider-facebook\"><div class=\"wp-block-embed__wrapper\">\n<div class=\"fb-video\" data-allowfullscreen=\"true\" data-href=\"https:\/\/www.facebook.com\/ondauno103.9\/videos\/2766466303623232\" style=\"background-color: #fff; display: inline-block;\"><\/div>\n<\/div><figcaption><strong><em>La entrevista a partir del minuto 14<\/em><\/strong><\/figcaption><\/figure>\n","protected":false},"excerpt":{"rendered":"<p>El presidente de Carbap, Mat\u00edas De Velazco dijo esta ma\u00f1ana en Cosas que Pasan que &#8220;en Tres Arroyos se da la particularidad que el intendente quiere manejar la patrulla rural, sin opinar respecto a ese distrito en particular, lo que hablamos desde Carbap con la Polic\u00eda y autoridades del Ministerio provincial de Seguridad es que [&hellip;]<\/p>\n","protected":false},"author":2,"featured_media":10340,"comment_status":"open","ping_status":"open","sticky":false,"template":"","format":"standard","meta":{"tdm_status":"","tdm_grid_status":"","_jetpack_memberships_contains_paid_content":false,"footnotes":"","jetpack_publicize_message":"","jetpack_publicize_feature_enabled":true,"jetpack_social_post_already_shared":false,"jetpack_social_options":{"image_generator_settings":{"template":"highway","default_image_id":0,"font":"","enabled":false},"version":2}},"categories":[2],"tags":[],"class_list":{"0":"post-10509","1":"post","2":"type-post","3":"status-publish","4":"format-standard","5":"has-post-thumbnail","7":"category-locales"},"yoast_head":"<!-- This site is optimized with the Yoast SEO plugin v22.7 - https:\/\/yoast.com\/wordpress\/plugins\/seo\/ -->\n<title>&quot;Queremos que la seguridad en el campo contin\u00fae como estaba&quot; - 103.9 fm<\/title>\n<meta name=\"robots\" content=\"index, follow, max-snippet:-1, max-image-preview:large, max-video-preview:-1\" \/>\n<link rel=\"canonical\" href=\"https:\/\/ondauno.com.ar\/index.php\/2020\/06\/01\/queremos-que-la-seguridad-en-el-campo-continue-como-estaba\/\" \/>\n<meta property=\"og:locale\" content=\"es_ES\" \/>\n<meta property=\"og:type\" content=\"article\" \/>\n<meta property=\"og:title\" content=\"&quot;Queremos que la seguridad en el campo contin\u00fae como estaba&quot; - 103.9 fm\" \/>\n<meta property=\"og:description\" content=\"El presidente de Carbap, Mat\u00edas De Velazco dijo esta ma\u00f1ana en Cosas que Pasan que &#8220;en Tres Arroyos se da la particularidad que el intendente quiere manejar la patrulla rural, sin opinar respecto a ese distrito en particular, lo que hablamos desde Carbap con la Polic\u00eda y autoridades del Ministerio provincial de Seguridad es que [&hellip;]\" \/>\n<meta property=\"og:url\" content=\"https:\/\/ondauno.com.ar\/index.php\/2020\/06\/01\/queremos-que-la-seguridad-en-el-campo-continue-como-estaba\/\" \/>\n<meta property=\"og:site_name\" content=\"103.9 fm\" \/>\n<meta property=\"article:publisher\" content=\"https:\/\/www.facebook.com\/ondauno103.9\" \/>\n<meta property=\"article:published_time\" content=\"2020-06-01T17:32:36+00:00\" \/>\n<meta property=\"article:modified_time\" content=\"2020-06-01T17:32:40+00:00\" \/>\n<meta property=\"og:image\" content=\"https:\/\/ondauno.com.ar\/wp-content\/uploads\/2020\/05\/matias-de-velazco.jpeg\" \/>\n\t<meta property=\"og:image:width\" content=\"941\" \/>\n\t<meta property=\"og:image:height\" content=\"526\" \/>\n\t<meta property=\"og:image:type\" content=\"image\/jpeg\" \/>\n<meta name=\"author\" content=\"fernando garcia\" \/>\n<meta name=\"twitter:card\" content=\"summary_large_image\" \/>\n<meta name=\"twitter:label1\" content=\"Escrito por\" \/>\n\t<meta name=\"twitter:data1\" content=\"fernando garcia\" \/>\n\t<meta name=\"twitter:label2\" content=\"Tiempo de lectura\" \/>\n\t<meta name=\"twitter:data2\" content=\"1 minuto\" \/>\n<script type=\"application\/ld+json\" class=\"yoast-schema-graph\">{\"@context\":\"https:\/\/schema.org\",\"@graph\":[{\"@type\":\"WebPage\",\"@id\":\"https:\/\/ondauno.com.ar\/index.php\/2020\/06\/01\/queremos-que-la-seguridad-en-el-campo-continue-como-estaba\/\",\"url\":\"https:\/\/ondauno.com.ar\/index.php\/2020\/06\/01\/queremos-que-la-seguridad-en-el-campo-continue-como-estaba\/\",\"name\":\"\\\"Queremos que la seguridad en el campo contin\u00fae como estaba\\\" - 103.9 fm\",\"isPartOf\":{\"@id\":\"https:\/\/ondauno.com.ar\/#website\"},\"primaryImageOfPage\":{\"@id\":\"https:\/\/ondauno.com.ar\/index.php\/2020\/06\/01\/queremos-que-la-seguridad-en-el-campo-continue-como-estaba\/#primaryimage\"},\"image\":{\"@id\":\"https:\/\/ondauno.com.ar\/index.php\/2020\/06\/01\/queremos-que-la-seguridad-en-el-campo-continue-como-estaba\/#primaryimage\"},\"thumbnailUrl\":\"https:\/\/ondauno.com.ar\/wp-content\/uploads\/2020\/05\/matias-de-velazco.jpeg\",\"datePublished\":\"2020-06-01T17:32:36+00:00\",\"dateModified\":\"2020-06-01T17:32:40+00:00\",\"author\":{\"@id\":\"https:\/\/ondauno.com.ar\/#\/schema\/person\/201d1b68e6c75e0fd396fe5f8af5d139\"},\"breadcrumb\":{\"@id\":\"https:\/\/ondauno.com.ar\/index.php\/2020\/06\/01\/queremos-que-la-seguridad-en-el-campo-continue-como-estaba\/#breadcrumb\"},\"inLanguage\":\"es-AR\",\"potentialAction\":[{\"@type\":\"ReadAction\",\"target\":[\"https:\/\/ondauno.com.ar\/index.php\/2020\/06\/01\/queremos-que-la-seguridad-en-el-campo-continue-como-estaba\/\"]}]},{\"@type\":\"ImageObject\",\"inLanguage\":\"es-AR\",\"@id\":\"https:\/\/ondauno.com.ar\/index.php\/2020\/06\/01\/queremos-que-la-seguridad-en-el-campo-continue-como-estaba\/#primaryimage\",\"url\":\"https:\/\/ondauno.com.ar\/wp-content\/uploads\/2020\/05\/matias-de-velazco.jpeg\",\"contentUrl\":\"https:\/\/ondauno.com.ar\/wp-content\/uploads\/2020\/05\/matias-de-velazco.jpeg\",\"width\":941,\"height\":526},{\"@type\":\"BreadcrumbList\",\"@id\":\"https:\/\/ondauno.com.ar\/index.php\/2020\/06\/01\/queremos-que-la-seguridad-en-el-campo-continue-como-estaba\/#breadcrumb\",\"itemListElement\":[{\"@type\":\"ListItem\",\"position\":1,\"name\":\"Inicio\",\"item\":\"https:\/\/ondauno.com.ar\/\"},{\"@type\":\"ListItem\",\"position\":2,\"name\":\"&#8220;Queremos que la seguridad en el campo contin\u00fae como estaba&#8221;\"}]},{\"@type\":\"WebSite\",\"@id\":\"https:\/\/ondauno.com.ar\/#website\",\"url\":\"https:\/\/ondauno.com.ar\/\",\"name\":\"103.9 fm\",\"description\":\"LA PRIMERA RADIO MULTIMEDIA DE TRES ARROYOS\",\"potentialAction\":[{\"@type\":\"SearchAction\",\"target\":{\"@type\":\"EntryPoint\",\"urlTemplate\":\"https:\/\/ondauno.com.ar\/?s={search_term_string}\"},\"query-input\":\"required name=search_term_string\"}],\"inLanguage\":\"es-AR\"},{\"@type\":\"Person\",\"@id\":\"https:\/\/ondauno.com.ar\/#\/schema\/person\/201d1b68e6c75e0fd396fe5f8af5d139\",\"name\":\"fernando garcia\",\"image\":{\"@type\":\"ImageObject\",\"inLanguage\":\"es-AR\",\"@id\":\"https:\/\/ondauno.com.ar\/#\/schema\/person\/image\/\",\"url\":\"https:\/\/secure.gravatar.com\/avatar\/5f7254642ad81272e79a2e69653cfdfc?s=96&d=mm&r=g\",\"contentUrl\":\"https:\/\/secure.gravatar.com\/avatar\/5f7254642ad81272e79a2e69653cfdfc?s=96&d=mm&r=g\",\"caption\":\"fernando garcia\"},\"url\":\"https:\/\/ondauno.com.ar\/index.php\/author\/ondaunoeditor\/\"}]}<\/script>\n<!-- \/ Yoast SEO plugin. -->","yoast_head_json":{"title":"\"Queremos que la seguridad en el campo contin\u00fae como estaba\" - 103.9 fm","robots":{"index":"index","follow":"follow","max-snippet":"max-snippet:-1","max-image-preview":"max-image-preview:large","max-video-preview":"max-video-preview:-1"},"canonical":"https:\/\/ondauno.com.ar\/index.php\/2020\/06\/01\/queremos-que-la-seguridad-en-el-campo-continue-como-estaba\/","og_locale":"es_ES","og_type":"article","og_title":"\"Queremos que la seguridad en el campo contin\u00fae como estaba\" - 103.9 fm","og_description":"El presidente de Carbap, Mat\u00edas De Velazco dijo esta ma\u00f1ana en Cosas que Pasan que &#8220;en Tres Arroyos se da la particularidad que el intendente quiere manejar la patrulla rural, sin opinar respecto a ese distrito en particular, lo que hablamos desde Carbap con la Polic\u00eda y autoridades del Ministerio provincial de Seguridad es que [&hellip;]","og_url":"https:\/\/ondauno.com.ar\/index.php\/2020\/06\/01\/queremos-que-la-seguridad-en-el-campo-continue-como-estaba\/","og_site_name":"103.9 fm","article_publisher":"https:\/\/www.facebook.com\/ondauno103.9","article_published_time":"2020-06-01T17:32:36+00:00","article_modified_time":"2020-06-01T17:32:40+00:00","og_image":[{"width":941,"height":526,"url":"https:\/\/ondauno.com.ar\/wp-content\/uploads\/2020\/05\/matias-de-velazco.jpeg","type":"image\/jpeg"}],"author":"fernando garcia","twitter_card":"summary_large_image","twitter_misc":{"Escrito por":"fernando garcia","Tiempo de lectura":"1 minuto"},"schema":{"@context":"https:\/\/schema.org","@graph":[{"@type":"WebPage","@id":"https:\/\/ondauno.com.ar\/index.php\/2020\/06\/01\/queremos-que-la-seguridad-en-el-campo-continue-como-estaba\/","url":"https:\/\/ondauno.com.ar\/index.php\/2020\/06\/01\/queremos-que-la-seguridad-en-el-campo-continue-como-estaba\/","name":"\"Queremos que la seguridad en el campo contin\u00fae como estaba\" - 103.9 fm","isPartOf":{"@id":"https:\/\/ondauno.com.ar\/#website"},"primaryImageOfPage":{"@id":"https:\/\/ondauno.com.ar\/index.php\/2020\/06\/01\/queremos-que-la-seguridad-en-el-campo-continue-como-estaba\/#primaryimage"},"image":{"@id":"https:\/\/ondauno.com.ar\/index.php\/2020\/06\/01\/queremos-que-la-seguridad-en-el-campo-continue-como-estaba\/#primaryimage"},"thumbnailUrl":"https:\/\/ondauno.com.ar\/wp-content\/uploads\/2020\/05\/matias-de-velazco.jpeg","datePublished":"2020-06-01T17:32:36+00:00","dateModified":"2020-06-01T17:32:40+00:00","author":{"@id":"https:\/\/ondauno.com.ar\/#\/schema\/person\/201d1b68e6c75e0fd396fe5f8af5d139"},"breadcrumb":{"@id":"https:\/\/ondauno.com.ar\/index.php\/2020\/06\/01\/queremos-que-la-seguridad-en-el-campo-continue-como-estaba\/#breadcrumb"},"inLanguage":"es-AR","potentialAction":[{"@type":"ReadAction","target":["https:\/\/ondauno.com.ar\/index.php\/2020\/06\/01\/queremos-que-la-seguridad-en-el-campo-continue-como-estaba\/"]}]},{"@type":"ImageObject","inLanguage":"es-AR","@id":"https:\/\/ondauno.com.ar\/index.php\/2020\/06\/01\/queremos-que-la-seguridad-en-el-campo-continue-como-estaba\/#primaryimage","url":"https:\/\/ondauno.com.ar\/wp-content\/uploads\/2020\/05\/matias-de-velazco.jpeg","contentUrl":"https:\/\/ondauno.com.ar\/wp-content\/uploads\/2020\/05\/matias-de-velazco.jpeg","width":941,"height":526},{"@type":"BreadcrumbList","@id":"https:\/\/ondauno.com.ar\/index.php\/2020\/06\/01\/queremos-que-la-seguridad-en-el-campo-continue-como-estaba\/#breadcrumb","itemListElement":[{"@type":"ListItem","position":1,"name":"Inicio","item":"https:\/\/ondauno.com.ar\/"},{"@type":"ListItem","position":2,"name":"&#8220;Queremos que la seguridad en el campo contin\u00fae como estaba&#8221;"}]},{"@type":"WebSite","@id":"https:\/\/ondauno.com.ar\/#website","url":"https:\/\/ondauno.com.ar\/","name":"103.9 fm","description":"LA PRIMERA RADIO MULTIMEDIA DE TRES ARROYOS","potentialAction":[{"@type":"SearchAction","target":{"@type":"EntryPoint","urlTemplate":"https:\/\/ondauno.com.ar\/?s={search_term_string}"},"query-input":"required name=search_term_string"}],"inLanguage":"es-AR"},{"@type":"Person","@id":"https:\/\/ondauno.com.ar\/#\/schema\/person\/201d1b68e6c75e0fd396fe5f8af5d139","name":"fernando garcia","image":{"@type":"ImageObject","inLanguage":"es-AR","@id":"https:\/\/ondauno.com.ar\/#\/schema\/person\/image\/","url":"https:\/\/secure.gravatar.com\/avatar\/5f7254642ad81272e79a2e69653cfdfc?s=96&d=mm&r=g","contentUrl":"https:\/\/secure.gravatar.com\/avatar\/5f7254642ad81272e79a2e69653cfdfc?s=96&d=mm&r=g","caption":"fernando garcia"},"url":"https:\/\/ondauno.com.ar\/index.php\/author\/ondaunoeditor\/"}]}},"jetpack_publicize_connections":[],"jetpack_featured_media_url":"https:\/\/ondauno.com.ar\/wp-content\/uploads\/2020\/05\/matias-de-velazco.jpeg","jetpack_sharing_enabled":true,"_links":{"self":[{"href":"https:\/\/ondauno.com.ar\/index.php\/wp-json\/wp\/v2\/posts\/10509","targetHints":{"allow":["GET"]}}],"collection":[{"href":"https:\/\/ondauno.com.ar\/index.php\/wp-json\/wp\/v2\/posts"}],"about":[{"href":"https:\/\/ondauno.com.ar\/index.php\/wp-json\/wp\/v2\/types\/post"}],"author":[{"embeddable":true,"href":"https:\/\/ondauno.com.ar\/index.php\/wp-json\/wp\/v2\/users\/2"}],"replies":[{"embeddable":true,"href":"https:\/\/ondauno.com.ar\/index.php\/wp-json\/wp\/v2\/comments?post=10509"}],"version-history":[{"count":0,"href":"https:\/\/ondauno.com.ar\/index.php\/wp-json\/wp\/v2\/posts\/10509\/revisions"}],"wp:featuredmedia":[{"embeddable":true,"href":"https:\/\/ondauno.com.ar\/index.php\/wp-json\/wp\/v2\/media\/10340"}],"wp:attachment":[{"href":"https:\/\/ondauno.com.ar\/index.php\/wp-json\/wp\/v2\/media?parent=10509"}],"wp:term":[{"taxonomy":"category","embeddable":true,"href":"https:\/\/ondauno.com.ar\/index.php\/wp-json\/wp\/v2\/categories?post=10509"},{"taxonomy":"post_tag","embeddable":true,"href":"https:\/\/ondauno.com.ar\/index.php\/wp-json\/wp\/v2\/tags?post=10509"}],"curies":[{"name":"wp","href":"https:\/\/api.w.org\/{rel}","templated":true}]}}