{"id":10431,"date":"2020-05-29T17:05:59","date_gmt":"2020-05-29T20:05:59","guid":{"rendered":"http:\/\/ondauno.com.ar\/?p=10431"},"modified":"2020-05-29T17:06:03","modified_gmt":"2020-05-29T20:06:03","slug":"en-el-dia-de-ayer-el-diputado-pablo-garate-y-el-concejal-pity-federico-se-reunieron-con-el-ministro-de-desarrollo-social-daniel-arroyo","status":"publish","type":"post","link":"https:\/\/ondauno.com.ar\/index.php\/2020\/05\/29\/en-el-dia-de-ayer-el-diputado-pablo-garate-y-el-concejal-pity-federico-se-reunieron-con-el-ministro-de-desarrollo-social-daniel-arroyo\/","title":{"rendered":"En el d\u00eda de ayer, el Diputado Pablo Garate y el Concejal &#8220;Pity&#8221; Federico se reunieron con el Ministro de Desarrollo Social Daniel Arroyo."},"content":{"rendered":"<div class=\"ondau-before-content_3\" style=\"margin-top: -30px;\" id=\"ondau-2818517940\"><a href=\"https:\/\/www.lps.com.ar\/\" aria-label=\"la-perse2\"><img loading=\"lazy\" decoding=\"async\" src=\"https:\/\/ondauno.com.ar\/wp-content\/uploads\/2021\/10\/la-perse2.jpg\" alt=\"\"  srcset=\"https:\/\/ondauno.com.ar\/wp-content\/uploads\/2021\/10\/la-perse2.jpg 1353w, https:\/\/ondauno.com.ar\/wp-content\/uploads\/2021\/10\/la-perse2-300x43.jpg 300w, https:\/\/ondauno.com.ar\/wp-content\/uploads\/2021\/10\/la-perse2-1024x148.jpg 1024w, https:\/\/ondauno.com.ar\/wp-content\/uploads\/2021\/10\/la-perse2-768x111.jpg 768w, https:\/\/ondauno.com.ar\/wp-content\/uploads\/2021\/10\/la-perse2-696x100.jpg 696w, https:\/\/ondauno.com.ar\/wp-content\/uploads\/2021\/10\/la-perse2-1068x154.jpg 1068w\" sizes=\"(max-width: 1353px) 100vw, 1353px\" class=\"no-lazyload\" width=\"1353\" height=\"195\"  style=\"display: inline-block;\" \/><\/a><\/div>\n<p>Durante la reuni\u00f3n se ratific\u00f3 la designaci\u00f3n de Julio &#8220;Pity&#8221; Federico al frente del CDR local y se tocaron varios temas de importancia para nuestro Distrito como la ampliaci\u00f3n del Programa Primera Infancia. Se coincidi\u00f3 con el Ministro en la importancia de que los municipios cuenten con un programa alimentario local y se le entreg\u00f3 una carpeta con problem\u00e1ticas sociales y habitacionales y propuestas para Tres Arroyos. Por \u00faltimo, Arroyo inform\u00f3 que desde la semana pr\u00f3xima todo lo referido a pensiones por incapacidad laboral y al INAES volver\u00e1 a la \u00f3rbita del Ministerio.<\/p>\n","protected":false},"excerpt":{"rendered":"<p>Durante la reuni\u00f3n se ratific\u00f3 la designaci\u00f3n de Julio &#8220;Pity&#8221; Federico al frente del CDR local y se tocaron varios temas de importancia para nuestro Distrito como la ampliaci\u00f3n del Programa Primera Infancia. Se coincidi\u00f3 con el Ministro en la importancia de que los municipios cuenten con un programa alimentario local y se le entreg\u00f3 [&hellip;]<\/p>\n","protected":false},"author":2,"featured_media":10432,"comment_status":"open","ping_status":"open","sticky":false,"template":"","format":"standard","meta":{"tdm_status":"","tdm_grid_status":"","_jetpack_memberships_contains_paid_content":false,"footnotes":"","jetpack_publicize_message":"","jetpack_publicize_feature_enabled":true,"jetpack_social_post_already_shared":false,"jetpack_social_options":{"image_generator_settings":{"template":"highway","default_image_id":0,"font":"","enabled":false},"version":2}},"categories":[30],"tags":[],"class_list":{"0":"post-10431","1":"post","2":"type-post","3":"status-publish","4":"format-standard","5":"has-post-thumbnail","7":"category-provinciales"},"yoast_head":"<!-- This site is optimized with the Yoast SEO plugin v22.7 - https:\/\/yoast.com\/wordpress\/plugins\/seo\/ -->\n<title>En el d\u00eda de ayer, el Diputado Pablo Garate y el Concejal &quot;Pity&quot; Federico se reunieron con el Ministro de Desarrollo Social Daniel Arroyo. - 103.9 fm<\/title>\n<meta name=\"robots\" content=\"index, follow, max-snippet:-1, max-image-preview:large, max-video-preview:-1\" \/>\n<link rel=\"canonical\" href=\"https:\/\/ondauno.com.ar\/index.php\/2020\/05\/29\/en-el-dia-de-ayer-el-diputado-pablo-garate-y-el-concejal-pity-federico-se-reunieron-con-el-ministro-de-desarrollo-social-daniel-arroyo\/\" \/>\n<meta property=\"og:locale\" content=\"es_ES\" \/>\n<meta property=\"og:type\" content=\"article\" \/>\n<meta property=\"og:title\" content=\"En el d\u00eda de ayer, el Diputado Pablo Garate y el Concejal &quot;Pity&quot; Federico se reunieron con el Ministro de Desarrollo Social Daniel Arroyo. - 103.9 fm\" \/>\n<meta property=\"og:description\" content=\"Durante la reuni\u00f3n se ratific\u00f3 la designaci\u00f3n de Julio &#8220;Pity&#8221; Federico al frente del CDR local y se tocaron varios temas de importancia para nuestro Distrito como la ampliaci\u00f3n del Programa Primera Infancia. Se coincidi\u00f3 con el Ministro en la importancia de que los municipios cuenten con un programa alimentario local y se le entreg\u00f3 [&hellip;]\" \/>\n<meta property=\"og:url\" content=\"https:\/\/ondauno.com.ar\/index.php\/2020\/05\/29\/en-el-dia-de-ayer-el-diputado-pablo-garate-y-el-concejal-pity-federico-se-reunieron-con-el-ministro-de-desarrollo-social-daniel-arroyo\/\" \/>\n<meta property=\"og:site_name\" content=\"103.9 fm\" \/>\n<meta property=\"article:publisher\" content=\"https:\/\/www.facebook.com\/ondauno103.9\" \/>\n<meta property=\"article:published_time\" content=\"2020-05-29T20:05:59+00:00\" \/>\n<meta property=\"article:modified_time\" content=\"2020-05-29T20:06:03+00:00\" \/>\n<meta property=\"og:image\" content=\"https:\/\/ondauno.com.ar\/wp-content\/uploads\/2020\/05\/WhatsApp-Image-2020-05-29-at-17.04.55.jpeg\" \/>\n\t<meta property=\"og:image:width\" content=\"1040\" \/>\n\t<meta property=\"og:image:height\" content=\"780\" \/>\n\t<meta property=\"og:image:type\" content=\"image\/jpeg\" \/>\n<meta name=\"author\" content=\"fernando garcia\" \/>\n<meta name=\"twitter:card\" content=\"summary_large_image\" \/>\n<meta name=\"twitter:label1\" content=\"Escrito por\" \/>\n\t<meta name=\"twitter:data1\" content=\"fernando garcia\" \/>\n<script type=\"application\/ld+json\" class=\"yoast-schema-graph\">{\"@context\":\"https:\/\/schema.org\",\"@graph\":[{\"@type\":\"WebPage\",\"@id\":\"https:\/\/ondauno.com.ar\/index.php\/2020\/05\/29\/en-el-dia-de-ayer-el-diputado-pablo-garate-y-el-concejal-pity-federico-se-reunieron-con-el-ministro-de-desarrollo-social-daniel-arroyo\/\",\"url\":\"https:\/\/ondauno.com.ar\/index.php\/2020\/05\/29\/en-el-dia-de-ayer-el-diputado-pablo-garate-y-el-concejal-pity-federico-se-reunieron-con-el-ministro-de-desarrollo-social-daniel-arroyo\/\",\"name\":\"En el d\u00eda de ayer, el Diputado Pablo Garate y el Concejal \\\"Pity\\\" Federico se reunieron con el Ministro de Desarrollo Social Daniel Arroyo. - 103.9 fm\",\"isPartOf\":{\"@id\":\"https:\/\/ondauno.com.ar\/#website\"},\"primaryImageOfPage\":{\"@id\":\"https:\/\/ondauno.com.ar\/index.php\/2020\/05\/29\/en-el-dia-de-ayer-el-diputado-pablo-garate-y-el-concejal-pity-federico-se-reunieron-con-el-ministro-de-desarrollo-social-daniel-arroyo\/#primaryimage\"},\"image\":{\"@id\":\"https:\/\/ondauno.com.ar\/index.php\/2020\/05\/29\/en-el-dia-de-ayer-el-diputado-pablo-garate-y-el-concejal-pity-federico-se-reunieron-con-el-ministro-de-desarrollo-social-daniel-arroyo\/#primaryimage\"},\"thumbnailUrl\":\"https:\/\/ondauno.com.ar\/wp-content\/uploads\/2020\/05\/WhatsApp-Image-2020-05-29-at-17.04.55.jpeg\",\"datePublished\":\"2020-05-29T20:05:59+00:00\",\"dateModified\":\"2020-05-29T20:06:03+00:00\",\"author\":{\"@id\":\"https:\/\/ondauno.com.ar\/#\/schema\/person\/201d1b68e6c75e0fd396fe5f8af5d139\"},\"breadcrumb\":{\"@id\":\"https:\/\/ondauno.com.ar\/index.php\/2020\/05\/29\/en-el-dia-de-ayer-el-diputado-pablo-garate-y-el-concejal-pity-federico-se-reunieron-con-el-ministro-de-desarrollo-social-daniel-arroyo\/#breadcrumb\"},\"inLanguage\":\"es-AR\",\"potentialAction\":[{\"@type\":\"ReadAction\",\"target\":[\"https:\/\/ondauno.com.ar\/index.php\/2020\/05\/29\/en-el-dia-de-ayer-el-diputado-pablo-garate-y-el-concejal-pity-federico-se-reunieron-con-el-ministro-de-desarrollo-social-daniel-arroyo\/\"]}]},{\"@type\":\"ImageObject\",\"inLanguage\":\"es-AR\",\"@id\":\"https:\/\/ondauno.com.ar\/index.php\/2020\/05\/29\/en-el-dia-de-ayer-el-diputado-pablo-garate-y-el-concejal-pity-federico-se-reunieron-con-el-ministro-de-desarrollo-social-daniel-arroyo\/#primaryimage\",\"url\":\"https:\/\/ondauno.com.ar\/wp-content\/uploads\/2020\/05\/WhatsApp-Image-2020-05-29-at-17.04.55.jpeg\",\"contentUrl\":\"https:\/\/ondauno.com.ar\/wp-content\/uploads\/2020\/05\/WhatsApp-Image-2020-05-29-at-17.04.55.jpeg\",\"width\":1040,\"height\":780},{\"@type\":\"BreadcrumbList\",\"@id\":\"https:\/\/ondauno.com.ar\/index.php\/2020\/05\/29\/en-el-dia-de-ayer-el-diputado-pablo-garate-y-el-concejal-pity-federico-se-reunieron-con-el-ministro-de-desarrollo-social-daniel-arroyo\/#breadcrumb\",\"itemListElement\":[{\"@type\":\"ListItem\",\"position\":1,\"name\":\"Inicio\",\"item\":\"https:\/\/ondauno.com.ar\/\"},{\"@type\":\"ListItem\",\"position\":2,\"name\":\"En el d\u00eda de ayer, el Diputado Pablo Garate y el Concejal &#8220;Pity&#8221; Federico se reunieron con el Ministro de Desarrollo Social Daniel Arroyo.\"}]},{\"@type\":\"WebSite\",\"@id\":\"https:\/\/ondauno.com.ar\/#website\",\"url\":\"https:\/\/ondauno.com.ar\/\",\"name\":\"103.9 fm\",\"description\":\"LA PRIMERA RADIO MULTIMEDIA DE TRES ARROYOS\",\"potentialAction\":[{\"@type\":\"SearchAction\",\"target\":{\"@type\":\"EntryPoint\",\"urlTemplate\":\"https:\/\/ondauno.com.ar\/?s={search_term_string}\"},\"query-input\":\"required name=search_term_string\"}],\"inLanguage\":\"es-AR\"},{\"@type\":\"Person\",\"@id\":\"https:\/\/ondauno.com.ar\/#\/schema\/person\/201d1b68e6c75e0fd396fe5f8af5d139\",\"name\":\"fernando garcia\",\"image\":{\"@type\":\"ImageObject\",\"inLanguage\":\"es-AR\",\"@id\":\"https:\/\/ondauno.com.ar\/#\/schema\/person\/image\/\",\"url\":\"https:\/\/secure.gravatar.com\/avatar\/5f7254642ad81272e79a2e69653cfdfc?s=96&d=mm&r=g\",\"contentUrl\":\"https:\/\/secure.gravatar.com\/avatar\/5f7254642ad81272e79a2e69653cfdfc?s=96&d=mm&r=g\",\"caption\":\"fernando garcia\"},\"url\":\"https:\/\/ondauno.com.ar\/index.php\/author\/ondaunoeditor\/\"}]}<\/script>\n<!-- \/ Yoast SEO plugin. -->","yoast_head_json":{"title":"En el d\u00eda de ayer, el Diputado Pablo Garate y el Concejal \"Pity\" Federico se reunieron con el Ministro de Desarrollo Social Daniel Arroyo. - 103.9 fm","robots":{"index":"index","follow":"follow","max-snippet":"max-snippet:-1","max-image-preview":"max-image-preview:large","max-video-preview":"max-video-preview:-1"},"canonical":"https:\/\/ondauno.com.ar\/index.php\/2020\/05\/29\/en-el-dia-de-ayer-el-diputado-pablo-garate-y-el-concejal-pity-federico-se-reunieron-con-el-ministro-de-desarrollo-social-daniel-arroyo\/","og_locale":"es_ES","og_type":"article","og_title":"En el d\u00eda de ayer, el Diputado Pablo Garate y el Concejal \"Pity\" Federico se reunieron con el Ministro de Desarrollo Social Daniel Arroyo. - 103.9 fm","og_description":"Durante la reuni\u00f3n se ratific\u00f3 la designaci\u00f3n de Julio &#8220;Pity&#8221; Federico al frente del CDR local y se tocaron varios temas de importancia para nuestro Distrito como la ampliaci\u00f3n del Programa Primera Infancia. Se coincidi\u00f3 con el Ministro en la importancia de que los municipios cuenten con un programa alimentario local y se le entreg\u00f3 [&hellip;]","og_url":"https:\/\/ondauno.com.ar\/index.php\/2020\/05\/29\/en-el-dia-de-ayer-el-diputado-pablo-garate-y-el-concejal-pity-federico-se-reunieron-con-el-ministro-de-desarrollo-social-daniel-arroyo\/","og_site_name":"103.9 fm","article_publisher":"https:\/\/www.facebook.com\/ondauno103.9","article_published_time":"2020-05-29T20:05:59+00:00","article_modified_time":"2020-05-29T20:06:03+00:00","og_image":[{"width":1040,"height":780,"url":"https:\/\/ondauno.com.ar\/wp-content\/uploads\/2020\/05\/WhatsApp-Image-2020-05-29-at-17.04.55.jpeg","type":"image\/jpeg"}],"author":"fernando garcia","twitter_card":"summary_large_image","twitter_misc":{"Escrito por":"fernando garcia"},"schema":{"@context":"https:\/\/schema.org","@graph":[{"@type":"WebPage","@id":"https:\/\/ondauno.com.ar\/index.php\/2020\/05\/29\/en-el-dia-de-ayer-el-diputado-pablo-garate-y-el-concejal-pity-federico-se-reunieron-con-el-ministro-de-desarrollo-social-daniel-arroyo\/","url":"https:\/\/ondauno.com.ar\/index.php\/2020\/05\/29\/en-el-dia-de-ayer-el-diputado-pablo-garate-y-el-concejal-pity-federico-se-reunieron-con-el-ministro-de-desarrollo-social-daniel-arroyo\/","name":"En el d\u00eda de ayer, el Diputado Pablo Garate y el Concejal \"Pity\" Federico se reunieron con el Ministro de Desarrollo Social Daniel Arroyo. - 103.9 fm","isPartOf":{"@id":"https:\/\/ondauno.com.ar\/#website"},"primaryImageOfPage":{"@id":"https:\/\/ondauno.com.ar\/index.php\/2020\/05\/29\/en-el-dia-de-ayer-el-diputado-pablo-garate-y-el-concejal-pity-federico-se-reunieron-con-el-ministro-de-desarrollo-social-daniel-arroyo\/#primaryimage"},"image":{"@id":"https:\/\/ondauno.com.ar\/index.php\/2020\/05\/29\/en-el-dia-de-ayer-el-diputado-pablo-garate-y-el-concejal-pity-federico-se-reunieron-con-el-ministro-de-desarrollo-social-daniel-arroyo\/#primaryimage"},"thumbnailUrl":"https:\/\/ondauno.com.ar\/wp-content\/uploads\/2020\/05\/WhatsApp-Image-2020-05-29-at-17.04.55.jpeg","datePublished":"2020-05-29T20:05:59+00:00","dateModified":"2020-05-29T20:06:03+00:00","author":{"@id":"https:\/\/ondauno.com.ar\/#\/schema\/person\/201d1b68e6c75e0fd396fe5f8af5d139"},"breadcrumb":{"@id":"https:\/\/ondauno.com.ar\/index.php\/2020\/05\/29\/en-el-dia-de-ayer-el-diputado-pablo-garate-y-el-concejal-pity-federico-se-reunieron-con-el-ministro-de-desarrollo-social-daniel-arroyo\/#breadcrumb"},"inLanguage":"es-AR","potentialAction":[{"@type":"ReadAction","target":["https:\/\/ondauno.com.ar\/index.php\/2020\/05\/29\/en-el-dia-de-ayer-el-diputado-pablo-garate-y-el-concejal-pity-federico-se-reunieron-con-el-ministro-de-desarrollo-social-daniel-arroyo\/"]}]},{"@type":"ImageObject","inLanguage":"es-AR","@id":"https:\/\/ondauno.com.ar\/index.php\/2020\/05\/29\/en-el-dia-de-ayer-el-diputado-pablo-garate-y-el-concejal-pity-federico-se-reunieron-con-el-ministro-de-desarrollo-social-daniel-arroyo\/#primaryimage","url":"https:\/\/ondauno.com.ar\/wp-content\/uploads\/2020\/05\/WhatsApp-Image-2020-05-29-at-17.04.55.jpeg","contentUrl":"https:\/\/ondauno.com.ar\/wp-content\/uploads\/2020\/05\/WhatsApp-Image-2020-05-29-at-17.04.55.jpeg","width":1040,"height":780},{"@type":"BreadcrumbList","@id":"https:\/\/ondauno.com.ar\/index.php\/2020\/05\/29\/en-el-dia-de-ayer-el-diputado-pablo-garate-y-el-concejal-pity-federico-se-reunieron-con-el-ministro-de-desarrollo-social-daniel-arroyo\/#breadcrumb","itemListElement":[{"@type":"ListItem","position":1,"name":"Inicio","item":"https:\/\/ondauno.com.ar\/"},{"@type":"ListItem","position":2,"name":"En el d\u00eda de ayer, el Diputado Pablo Garate y el Concejal &#8220;Pity&#8221; Federico se reunieron con el Ministro de Desarrollo Social Daniel Arroyo."}]},{"@type":"WebSite","@id":"https:\/\/ondauno.com.ar\/#website","url":"https:\/\/ondauno.com.ar\/","name":"103.9 fm","description":"LA PRIMERA RADIO MULTIMEDIA DE TRES ARROYOS","potentialAction":[{"@type":"SearchAction","target":{"@type":"EntryPoint","urlTemplate":"https:\/\/ondauno.com.ar\/?s={search_term_string}"},"query-input":"required name=search_term_string"}],"inLanguage":"es-AR"},{"@type":"Person","@id":"https:\/\/ondauno.com.ar\/#\/schema\/person\/201d1b68e6c75e0fd396fe5f8af5d139","name":"fernando garcia","image":{"@type":"ImageObject","inLanguage":"es-AR","@id":"https:\/\/ondauno.com.ar\/#\/schema\/person\/image\/","url":"https:\/\/secure.gravatar.com\/avatar\/5f7254642ad81272e79a2e69653cfdfc?s=96&d=mm&r=g","contentUrl":"https:\/\/secure.gravatar.com\/avatar\/5f7254642ad81272e79a2e69653cfdfc?s=96&d=mm&r=g","caption":"fernando garcia"},"url":"https:\/\/ondauno.com.ar\/index.php\/author\/ondaunoeditor\/"}]}},"jetpack_publicize_connections":[],"jetpack_featured_media_url":"https:\/\/ondauno.com.ar\/wp-content\/uploads\/2020\/05\/WhatsApp-Image-2020-05-29-at-17.04.55.jpeg","jetpack_sharing_enabled":true,"_links":{"self":[{"href":"https:\/\/ondauno.com.ar\/index.php\/wp-json\/wp\/v2\/posts\/10431","targetHints":{"allow":["GET"]}}],"collection":[{"href":"https:\/\/ondauno.com.ar\/index.php\/wp-json\/wp\/v2\/posts"}],"about":[{"href":"https:\/\/ondauno.com.ar\/index.php\/wp-json\/wp\/v2\/types\/post"}],"author":[{"embeddable":true,"href":"https:\/\/ondauno.com.ar\/index.php\/wp-json\/wp\/v2\/users\/2"}],"replies":[{"embeddable":true,"href":"https:\/\/ondauno.com.ar\/index.php\/wp-json\/wp\/v2\/comments?post=10431"}],"version-history":[{"count":0,"href":"https:\/\/ondauno.com.ar\/index.php\/wp-json\/wp\/v2\/posts\/10431\/revisions"}],"wp:featuredmedia":[{"embeddable":true,"href":"https:\/\/ondauno.com.ar\/index.php\/wp-json\/wp\/v2\/media\/10432"}],"wp:attachment":[{"href":"https:\/\/ondauno.com.ar\/index.php\/wp-json\/wp\/v2\/media?parent=10431"}],"wp:term":[{"taxonomy":"category","embeddable":true,"href":"https:\/\/ondauno.com.ar\/index.php\/wp-json\/wp\/v2\/categories?post=10431"},{"taxonomy":"post_tag","embeddable":true,"href":"https:\/\/ondauno.com.ar\/index.php\/wp-json\/wp\/v2\/tags?post=10431"}],"curies":[{"name":"wp","href":"https:\/\/api.w.org\/{rel}","templated":true}]}}