{"id":10023,"date":"2020-05-14T11:58:58","date_gmt":"2020-05-14T14:58:58","guid":{"rendered":"http:\/\/ondauno.com.ar\/?p=10023"},"modified":"2020-05-14T11:59:01","modified_gmt":"2020-05-14T14:59:01","slug":"registro-domiciliario-y-aprehension","status":"publish","type":"post","link":"https:\/\/ondauno.com.ar\/index.php\/2020\/05\/14\/registro-domiciliario-y-aprehension\/","title":{"rendered":"Registro Domiciliario y aprehension"},"content":{"rendered":"<div class=\"ondau-before-content_3\" style=\"margin-top: -30px;\" id=\"ondau-1141156441\"><a href=\"https:\/\/www.lps.com.ar\/\" aria-label=\"la-perse2\"><img loading=\"lazy\" decoding=\"async\" src=\"https:\/\/ondauno.com.ar\/wp-content\/uploads\/2021\/10\/la-perse2.jpg\" alt=\"\"  srcset=\"https:\/\/ondauno.com.ar\/wp-content\/uploads\/2021\/10\/la-perse2.jpg 1353w, https:\/\/ondauno.com.ar\/wp-content\/uploads\/2021\/10\/la-perse2-300x43.jpg 300w, https:\/\/ondauno.com.ar\/wp-content\/uploads\/2021\/10\/la-perse2-1024x148.jpg 1024w, https:\/\/ondauno.com.ar\/wp-content\/uploads\/2021\/10\/la-perse2-768x111.jpg 768w, https:\/\/ondauno.com.ar\/wp-content\/uploads\/2021\/10\/la-perse2-696x100.jpg 696w, https:\/\/ondauno.com.ar\/wp-content\/uploads\/2021\/10\/la-perse2-1068x154.jpg 1068w\" sizes=\"(max-width: 1353px) 100vw, 1353px\" class=\"no-lazyload\" width=\"1353\" height=\"195\"  style=\"display: inline-block;\" \/><\/a><\/div>\n<ul class=\"wp-block-gallery columns-2 is-cropped wp-block-gallery-1 is-layout-flex wp-block-gallery-is-layout-flex\"><li class=\"blocks-gallery-item\"><figure><img loading=\"lazy\" decoding=\"async\" width=\"768\" height=\"1024\" data-src=\"http:\/\/ondauno.com.ar\/wp-content\/uploads\/2020\/05\/foto6-768x1024.jpg\" alt=\"\" data-id=\"10026\" data-link=\"http:\/\/ondauno.com.ar\/?attachment_id=10026\" class=\"wp-image-10026 lazyload\" data-srcset=\"https:\/\/ondauno.com.ar\/wp-content\/uploads\/2020\/05\/foto6-768x1024.jpg 768w, https:\/\/ondauno.com.ar\/wp-content\/uploads\/2020\/05\/foto6-225x300.jpg 225w, https:\/\/ondauno.com.ar\/wp-content\/uploads\/2020\/05\/foto6-696x928.jpg 696w, https:\/\/ondauno.com.ar\/wp-content\/uploads\/2020\/05\/foto6-315x420.jpg 315w, https:\/\/ondauno.com.ar\/wp-content\/uploads\/2020\/05\/foto6.jpg 780w\" data-sizes=\"auto, (max-width: 768px) 100vw, 768px\" src=\"data:image\/gif;base64,R0lGODlhAQABAAAAACH5BAEKAAEALAAAAAABAAEAAAICTAEAOw==\" style=\"--smush-placeholder-width: 768px; --smush-placeholder-aspect-ratio: 768\/1024;\" \/><noscript><img loading=\"lazy\" decoding=\"async\" width=\"768\" height=\"1024\" src=\"http:\/\/ondauno.com.ar\/wp-content\/uploads\/2020\/05\/foto6-768x1024.jpg\" alt=\"\" data-id=\"10026\" data-link=\"http:\/\/ondauno.com.ar\/?attachment_id=10026\" class=\"wp-image-10026\" srcset=\"https:\/\/ondauno.com.ar\/wp-content\/uploads\/2020\/05\/foto6-768x1024.jpg 768w, https:\/\/ondauno.com.ar\/wp-content\/uploads\/2020\/05\/foto6-225x300.jpg 225w, https:\/\/ondauno.com.ar\/wp-content\/uploads\/2020\/05\/foto6-696x928.jpg 696w, https:\/\/ondauno.com.ar\/wp-content\/uploads\/2020\/05\/foto6-315x420.jpg 315w, https:\/\/ondauno.com.ar\/wp-content\/uploads\/2020\/05\/foto6.jpg 780w\" sizes=\"auto, (max-width: 768px) 100vw, 768px\" \/><\/noscript><\/figure><\/li><li class=\"blocks-gallery-item\"><figure><img loading=\"lazy\" decoding=\"async\" width=\"1024\" height=\"768\" data-src=\"http:\/\/ondauno.com.ar\/wp-content\/uploads\/2020\/05\/foto5-1024x768.jpg\" alt=\"\" data-id=\"10025\" data-link=\"http:\/\/ondauno.com.ar\/?attachment_id=10025\" class=\"wp-image-10025 lazyload\" data-srcset=\"https:\/\/ondauno.com.ar\/wp-content\/uploads\/2020\/05\/foto5-1024x768.jpg 1024w, https:\/\/ondauno.com.ar\/wp-content\/uploads\/2020\/05\/foto5-300x225.jpg 300w, https:\/\/ondauno.com.ar\/wp-content\/uploads\/2020\/05\/foto5-768x576.jpg 768w, https:\/\/ondauno.com.ar\/wp-content\/uploads\/2020\/05\/foto5-80x60.jpg 80w, https:\/\/ondauno.com.ar\/wp-content\/uploads\/2020\/05\/foto5-265x198.jpg 265w, https:\/\/ondauno.com.ar\/wp-content\/uploads\/2020\/05\/foto5-696x522.jpg 696w, https:\/\/ondauno.com.ar\/wp-content\/uploads\/2020\/05\/foto5-560x420.jpg 560w, https:\/\/ondauno.com.ar\/wp-content\/uploads\/2020\/05\/foto5.jpg 1032w\" data-sizes=\"auto, (max-width: 1024px) 100vw, 1024px\" src=\"data:image\/gif;base64,R0lGODlhAQABAAAAACH5BAEKAAEALAAAAAABAAEAAAICTAEAOw==\" style=\"--smush-placeholder-width: 1024px; --smush-placeholder-aspect-ratio: 1024\/768;\" \/><noscript><img loading=\"lazy\" decoding=\"async\" width=\"1024\" height=\"768\" src=\"http:\/\/ondauno.com.ar\/wp-content\/uploads\/2020\/05\/foto5-1024x768.jpg\" alt=\"\" data-id=\"10025\" data-link=\"http:\/\/ondauno.com.ar\/?attachment_id=10025\" class=\"wp-image-10025\" srcset=\"https:\/\/ondauno.com.ar\/wp-content\/uploads\/2020\/05\/foto5-1024x768.jpg 1024w, https:\/\/ondauno.com.ar\/wp-content\/uploads\/2020\/05\/foto5-300x225.jpg 300w, https:\/\/ondauno.com.ar\/wp-content\/uploads\/2020\/05\/foto5-768x576.jpg 768w, https:\/\/ondauno.com.ar\/wp-content\/uploads\/2020\/05\/foto5-80x60.jpg 80w, https:\/\/ondauno.com.ar\/wp-content\/uploads\/2020\/05\/foto5-265x198.jpg 265w, https:\/\/ondauno.com.ar\/wp-content\/uploads\/2020\/05\/foto5-696x522.jpg 696w, https:\/\/ondauno.com.ar\/wp-content\/uploads\/2020\/05\/foto5-560x420.jpg 560w, https:\/\/ondauno.com.ar\/wp-content\/uploads\/2020\/05\/foto5.jpg 1032w\" sizes=\"auto, (max-width: 1024px) 100vw, 1024px\" \/><\/noscript><\/figure><\/li><\/ul>\n\n\n\n<p>En el marco de las actuaciones caratuladas ROBO, con la intervenci\u00f3n de la UFIJ nro. 16 de esta ciudad a cargo Dr. Lopazzo Gabriel, en las cuales un vecino de esta ciudad sufriera la sustracci\u00f3n de su bicicleta, se llev\u00f3 a cabo el \u00a0registro domiciliario en finca sito en calle Mar Del Plata nro. 750. En el lugar, adem\u00e1s del secuestro de la bicicleta, se secuestr\u00f3 restos de motocicleta con pedido activo de secuestro, por haber sido sustra\u00edda recientemente a un restante vecino de esta ciudad. Al momento del registro domiciliario, el morador de la vivienda tenia consigo una pistola calibre 9 mm en condiciones inmediatas de disparo, por lo que se procedi\u00f3 a su inmediata aprehensi\u00f3n. El ciudadano procesado resulta ser MORAN EDUARDO CEFERINO de 51 a\u00f1os de edad.<\/p>\n","protected":false},"excerpt":{"rendered":"<p>En el marco de las actuaciones caratuladas ROBO, con la intervenci\u00f3n de la UFIJ nro. 16 de esta ciudad a cargo Dr. Lopazzo Gabriel, en las cuales un vecino de esta ciudad sufriera la sustracci\u00f3n de su bicicleta, se llev\u00f3 a cabo el \u00a0registro domiciliario en finca sito en calle Mar Del Plata nro. 750. [&hellip;]<\/p>\n","protected":false},"author":2,"featured_media":10024,"comment_status":"open","ping_status":"open","sticky":false,"template":"","format":"standard","meta":{"tdm_status":"","tdm_grid_status":"","_jetpack_memberships_contains_paid_content":false,"footnotes":"","jetpack_publicize_message":"","jetpack_publicize_feature_enabled":true,"jetpack_social_post_already_shared":false,"jetpack_social_options":{"image_generator_settings":{"template":"highway","default_image_id":0,"font":"","enabled":false},"version":2}},"categories":[2],"tags":[],"class_list":{"0":"post-10023","1":"post","2":"type-post","3":"status-publish","4":"format-standard","5":"has-post-thumbnail","7":"category-locales"},"yoast_head":"<!-- This site is optimized with the Yoast SEO plugin v22.7 - https:\/\/yoast.com\/wordpress\/plugins\/seo\/ -->\n<title>Registro Domiciliario y aprehension - 103.9 fm<\/title>\n<meta name=\"robots\" content=\"index, follow, max-snippet:-1, max-image-preview:large, max-video-preview:-1\" \/>\n<link rel=\"canonical\" href=\"https:\/\/ondauno.com.ar\/index.php\/2020\/05\/14\/registro-domiciliario-y-aprehension\/\" \/>\n<meta property=\"og:locale\" content=\"es_ES\" \/>\n<meta property=\"og:type\" content=\"article\" \/>\n<meta property=\"og:title\" content=\"Registro Domiciliario y aprehension - 103.9 fm\" \/>\n<meta property=\"og:description\" content=\"En el marco de las actuaciones caratuladas ROBO, con la intervenci\u00f3n de la UFIJ nro. 16 de esta ciudad a cargo Dr. Lopazzo Gabriel, en las cuales un vecino de esta ciudad sufriera la sustracci\u00f3n de su bicicleta, se llev\u00f3 a cabo el \u00a0registro domiciliario en finca sito en calle Mar Del Plata nro. 750. [&hellip;]\" \/>\n<meta property=\"og:url\" content=\"https:\/\/ondauno.com.ar\/index.php\/2020\/05\/14\/registro-domiciliario-y-aprehension\/\" \/>\n<meta property=\"og:site_name\" content=\"103.9 fm\" \/>\n<meta property=\"article:publisher\" content=\"https:\/\/www.facebook.com\/ondauno103.9\" \/>\n<meta property=\"article:published_time\" content=\"2020-05-14T14:58:58+00:00\" \/>\n<meta property=\"article:modified_time\" content=\"2020-05-14T14:59:01+00:00\" \/>\n<meta property=\"og:image\" content=\"https:\/\/ondauno.com.ar\/wp-content\/uploads\/2020\/05\/foto4.jpg\" \/>\n\t<meta property=\"og:image:width\" content=\"1032\" \/>\n\t<meta property=\"og:image:height\" content=\"502\" \/>\n\t<meta property=\"og:image:type\" content=\"image\/jpeg\" \/>\n<meta name=\"author\" content=\"fernando garcia\" \/>\n<meta name=\"twitter:card\" content=\"summary_large_image\" \/>\n<meta name=\"twitter:label1\" content=\"Escrito por\" \/>\n\t<meta name=\"twitter:data1\" content=\"fernando garcia\" \/>\n\t<meta name=\"twitter:label2\" content=\"Tiempo de lectura\" \/>\n\t<meta name=\"twitter:data2\" content=\"1 minuto\" \/>\n<script type=\"application\/ld+json\" class=\"yoast-schema-graph\">{\"@context\":\"https:\/\/schema.org\",\"@graph\":[{\"@type\":\"WebPage\",\"@id\":\"https:\/\/ondauno.com.ar\/index.php\/2020\/05\/14\/registro-domiciliario-y-aprehension\/\",\"url\":\"https:\/\/ondauno.com.ar\/index.php\/2020\/05\/14\/registro-domiciliario-y-aprehension\/\",\"name\":\"Registro Domiciliario y aprehension - 103.9 fm\",\"isPartOf\":{\"@id\":\"https:\/\/ondauno.com.ar\/#website\"},\"primaryImageOfPage\":{\"@id\":\"https:\/\/ondauno.com.ar\/index.php\/2020\/05\/14\/registro-domiciliario-y-aprehension\/#primaryimage\"},\"image\":{\"@id\":\"https:\/\/ondauno.com.ar\/index.php\/2020\/05\/14\/registro-domiciliario-y-aprehension\/#primaryimage\"},\"thumbnailUrl\":\"https:\/\/ondauno.com.ar\/wp-content\/uploads\/2020\/05\/foto4.jpg\",\"datePublished\":\"2020-05-14T14:58:58+00:00\",\"dateModified\":\"2020-05-14T14:59:01+00:00\",\"author\":{\"@id\":\"https:\/\/ondauno.com.ar\/#\/schema\/person\/201d1b68e6c75e0fd396fe5f8af5d139\"},\"breadcrumb\":{\"@id\":\"https:\/\/ondauno.com.ar\/index.php\/2020\/05\/14\/registro-domiciliario-y-aprehension\/#breadcrumb\"},\"inLanguage\":\"es-AR\",\"potentialAction\":[{\"@type\":\"ReadAction\",\"target\":[\"https:\/\/ondauno.com.ar\/index.php\/2020\/05\/14\/registro-domiciliario-y-aprehension\/\"]}]},{\"@type\":\"ImageObject\",\"inLanguage\":\"es-AR\",\"@id\":\"https:\/\/ondauno.com.ar\/index.php\/2020\/05\/14\/registro-domiciliario-y-aprehension\/#primaryimage\",\"url\":\"https:\/\/ondauno.com.ar\/wp-content\/uploads\/2020\/05\/foto4.jpg\",\"contentUrl\":\"https:\/\/ondauno.com.ar\/wp-content\/uploads\/2020\/05\/foto4.jpg\",\"width\":1032,\"height\":502},{\"@type\":\"BreadcrumbList\",\"@id\":\"https:\/\/ondauno.com.ar\/index.php\/2020\/05\/14\/registro-domiciliario-y-aprehension\/#breadcrumb\",\"itemListElement\":[{\"@type\":\"ListItem\",\"position\":1,\"name\":\"Inicio\",\"item\":\"https:\/\/ondauno.com.ar\/\"},{\"@type\":\"ListItem\",\"position\":2,\"name\":\"Registro Domiciliario y aprehension\"}]},{\"@type\":\"WebSite\",\"@id\":\"https:\/\/ondauno.com.ar\/#website\",\"url\":\"https:\/\/ondauno.com.ar\/\",\"name\":\"103.9 fm\",\"description\":\"LA PRIMERA RADIO MULTIMEDIA DE TRES ARROYOS\",\"potentialAction\":[{\"@type\":\"SearchAction\",\"target\":{\"@type\":\"EntryPoint\",\"urlTemplate\":\"https:\/\/ondauno.com.ar\/?s={search_term_string}\"},\"query-input\":\"required name=search_term_string\"}],\"inLanguage\":\"es-AR\"},{\"@type\":\"Person\",\"@id\":\"https:\/\/ondauno.com.ar\/#\/schema\/person\/201d1b68e6c75e0fd396fe5f8af5d139\",\"name\":\"fernando garcia\",\"image\":{\"@type\":\"ImageObject\",\"inLanguage\":\"es-AR\",\"@id\":\"https:\/\/ondauno.com.ar\/#\/schema\/person\/image\/\",\"url\":\"https:\/\/secure.gravatar.com\/avatar\/5f7254642ad81272e79a2e69653cfdfc?s=96&d=mm&r=g\",\"contentUrl\":\"https:\/\/secure.gravatar.com\/avatar\/5f7254642ad81272e79a2e69653cfdfc?s=96&d=mm&r=g\",\"caption\":\"fernando garcia\"},\"url\":\"https:\/\/ondauno.com.ar\/index.php\/author\/ondaunoeditor\/\"}]}<\/script>\n<!-- \/ Yoast SEO plugin. -->","yoast_head_json":{"title":"Registro Domiciliario y aprehension - 103.9 fm","robots":{"index":"index","follow":"follow","max-snippet":"max-snippet:-1","max-image-preview":"max-image-preview:large","max-video-preview":"max-video-preview:-1"},"canonical":"https:\/\/ondauno.com.ar\/index.php\/2020\/05\/14\/registro-domiciliario-y-aprehension\/","og_locale":"es_ES","og_type":"article","og_title":"Registro Domiciliario y aprehension - 103.9 fm","og_description":"En el marco de las actuaciones caratuladas ROBO, con la intervenci\u00f3n de la UFIJ nro. 16 de esta ciudad a cargo Dr. Lopazzo Gabriel, en las cuales un vecino de esta ciudad sufriera la sustracci\u00f3n de su bicicleta, se llev\u00f3 a cabo el \u00a0registro domiciliario en finca sito en calle Mar Del Plata nro. 750. [&hellip;]","og_url":"https:\/\/ondauno.com.ar\/index.php\/2020\/05\/14\/registro-domiciliario-y-aprehension\/","og_site_name":"103.9 fm","article_publisher":"https:\/\/www.facebook.com\/ondauno103.9","article_published_time":"2020-05-14T14:58:58+00:00","article_modified_time":"2020-05-14T14:59:01+00:00","og_image":[{"width":1032,"height":502,"url":"https:\/\/ondauno.com.ar\/wp-content\/uploads\/2020\/05\/foto4.jpg","type":"image\/jpeg"}],"author":"fernando garcia","twitter_card":"summary_large_image","twitter_misc":{"Escrito por":"fernando garcia","Tiempo de lectura":"1 minuto"},"schema":{"@context":"https:\/\/schema.org","@graph":[{"@type":"WebPage","@id":"https:\/\/ondauno.com.ar\/index.php\/2020\/05\/14\/registro-domiciliario-y-aprehension\/","url":"https:\/\/ondauno.com.ar\/index.php\/2020\/05\/14\/registro-domiciliario-y-aprehension\/","name":"Registro Domiciliario y aprehension - 103.9 fm","isPartOf":{"@id":"https:\/\/ondauno.com.ar\/#website"},"primaryImageOfPage":{"@id":"https:\/\/ondauno.com.ar\/index.php\/2020\/05\/14\/registro-domiciliario-y-aprehension\/#primaryimage"},"image":{"@id":"https:\/\/ondauno.com.ar\/index.php\/2020\/05\/14\/registro-domiciliario-y-aprehension\/#primaryimage"},"thumbnailUrl":"https:\/\/ondauno.com.ar\/wp-content\/uploads\/2020\/05\/foto4.jpg","datePublished":"2020-05-14T14:58:58+00:00","dateModified":"2020-05-14T14:59:01+00:00","author":{"@id":"https:\/\/ondauno.com.ar\/#\/schema\/person\/201d1b68e6c75e0fd396fe5f8af5d139"},"breadcrumb":{"@id":"https:\/\/ondauno.com.ar\/index.php\/2020\/05\/14\/registro-domiciliario-y-aprehension\/#breadcrumb"},"inLanguage":"es-AR","potentialAction":[{"@type":"ReadAction","target":["https:\/\/ondauno.com.ar\/index.php\/2020\/05\/14\/registro-domiciliario-y-aprehension\/"]}]},{"@type":"ImageObject","inLanguage":"es-AR","@id":"https:\/\/ondauno.com.ar\/index.php\/2020\/05\/14\/registro-domiciliario-y-aprehension\/#primaryimage","url":"https:\/\/ondauno.com.ar\/wp-content\/uploads\/2020\/05\/foto4.jpg","contentUrl":"https:\/\/ondauno.com.ar\/wp-content\/uploads\/2020\/05\/foto4.jpg","width":1032,"height":502},{"@type":"BreadcrumbList","@id":"https:\/\/ondauno.com.ar\/index.php\/2020\/05\/14\/registro-domiciliario-y-aprehension\/#breadcrumb","itemListElement":[{"@type":"ListItem","position":1,"name":"Inicio","item":"https:\/\/ondauno.com.ar\/"},{"@type":"ListItem","position":2,"name":"Registro Domiciliario y aprehension"}]},{"@type":"WebSite","@id":"https:\/\/ondauno.com.ar\/#website","url":"https:\/\/ondauno.com.ar\/","name":"103.9 fm","description":"LA PRIMERA RADIO MULTIMEDIA DE TRES ARROYOS","potentialAction":[{"@type":"SearchAction","target":{"@type":"EntryPoint","urlTemplate":"https:\/\/ondauno.com.ar\/?s={search_term_string}"},"query-input":"required name=search_term_string"}],"inLanguage":"es-AR"},{"@type":"Person","@id":"https:\/\/ondauno.com.ar\/#\/schema\/person\/201d1b68e6c75e0fd396fe5f8af5d139","name":"fernando garcia","image":{"@type":"ImageObject","inLanguage":"es-AR","@id":"https:\/\/ondauno.com.ar\/#\/schema\/person\/image\/","url":"https:\/\/secure.gravatar.com\/avatar\/5f7254642ad81272e79a2e69653cfdfc?s=96&d=mm&r=g","contentUrl":"https:\/\/secure.gravatar.com\/avatar\/5f7254642ad81272e79a2e69653cfdfc?s=96&d=mm&r=g","caption":"fernando garcia"},"url":"https:\/\/ondauno.com.ar\/index.php\/author\/ondaunoeditor\/"}]}},"jetpack_publicize_connections":[],"jetpack_featured_media_url":"https:\/\/ondauno.com.ar\/wp-content\/uploads\/2020\/05\/foto4.jpg","jetpack_sharing_enabled":true,"_links":{"self":[{"href":"https:\/\/ondauno.com.ar\/index.php\/wp-json\/wp\/v2\/posts\/10023","targetHints":{"allow":["GET"]}}],"collection":[{"href":"https:\/\/ondauno.com.ar\/index.php\/wp-json\/wp\/v2\/posts"}],"about":[{"href":"https:\/\/ondauno.com.ar\/index.php\/wp-json\/wp\/v2\/types\/post"}],"author":[{"embeddable":true,"href":"https:\/\/ondauno.com.ar\/index.php\/wp-json\/wp\/v2\/users\/2"}],"replies":[{"embeddable":true,"href":"https:\/\/ondauno.com.ar\/index.php\/wp-json\/wp\/v2\/comments?post=10023"}],"version-history":[{"count":0,"href":"https:\/\/ondauno.com.ar\/index.php\/wp-json\/wp\/v2\/posts\/10023\/revisions"}],"wp:featuredmedia":[{"embeddable":true,"href":"https:\/\/ondauno.com.ar\/index.php\/wp-json\/wp\/v2\/media\/10024"}],"wp:attachment":[{"href":"https:\/\/ondauno.com.ar\/index.php\/wp-json\/wp\/v2\/media?parent=10023"}],"wp:term":[{"taxonomy":"category","embeddable":true,"href":"https:\/\/ondauno.com.ar\/index.php\/wp-json\/wp\/v2\/categories?post=10023"},{"taxonomy":"post_tag","embeddable":true,"href":"https:\/\/ondauno.com.ar\/index.php\/wp-json\/wp\/v2\/tags?post=10023"}],"curies":[{"name":"wp","href":"https:\/\/api.w.org\/{rel}","templated":true}]}}